{"id":9086,"date":"2024-12-24T16:57:47","date_gmt":"2024-12-24T19:57:47","guid":{"rendered":"https:\/\/impactodenoticias.com.ar\/?p=9086"},"modified":"2024-12-24T16:57:47","modified_gmt":"2024-12-24T19:57:47","slug":"la-policia-realizara-operativos-en-parana-durante-la-nochebuena","status":"publish","type":"post","link":"https:\/\/impactodenoticias.com.ar\/?p=9086","title":{"rendered":"La Polic\u00eda realizar\u00e1 operativos en Paran\u00e1 durante la Nochebuena"},"content":{"rendered":"\n<h3 class=\"wp-block-heading\">Saldr\u00e1n a la calle alrededor de 100 efectivos en la calle. No se podr\u00e1 ingresar a algunos espacios p\u00fablicos con auto. Se llevar\u00e1n adelante controles de alcoholemia.<\/h3>\n\n\n\n<p>M\u00e1s de 100 efectivos participar\u00e1n de un operativo especial de prevenci\u00f3n en Paran\u00e1, diagramado por la Polic\u00eda. As\u00ed lo inform\u00f3, Cecilia Galeano, segunda Jefa de la Divisi\u00f3n Operaciones de la fuerza policial.<\/p>\n\n\n\n<p>\u201cSe han diagramado con directivas concretas de la Jefatura. Vamos a custodiar espacios p\u00fablicos, tanto en Paran\u00e1 como en Paran\u00e1 Campa\u00f1a. Habr\u00e1 personal de prevenci\u00f3n, cuidando el tr\u00e1nsito\u201d, se\u00f1al\u00f3 la funcionaria policial.<\/p>\n\n\n\n<p>Galeano afirm\u00f3 que ser\u00e1n custodiados el Parque Nuevo, el Parque Urquiza, la Costanera, las plazas y el Puerto Nuevo, entre otros puntos de concentraci\u00f3n de j\u00f3venes: \u201cEn el Rosedal no se va a poder ingresar con auto y en la Costanera no se podr\u00e1 estacionar, como es habitual\u201d, destac\u00f3.<\/p>\n\n\n\n<p>Entre otros aspectos, la autoridad policial adelant\u00f3 que habr\u00e1 colaboraci\u00f3n de la fuerza en controles de alcoholemia que realizar\u00e1 la Municipalidad y que tambi\u00e9n habr\u00e1 un refuerzo de seguridad en eventos bailables catalogados como \u201cconsiderables\u201d.<\/p>\n","protected":false},"excerpt":{"rendered":"<p>Saldr&aacute;n a la calle alrededor de 100 efectivos en la calle. No se podr&aacute; ingresar a algunos espacios p&uacute;blicos con auto. Se llevar&aacute;n adelante controles de alcoholemia. M&aacute;s de 100 efectivos participar&aacute;n de un operativo especial de prevenci&oacute;n en Paran&aacute;, diagramado por la Polic&iacute;a. As&iacute; lo inform&oacute;, Cecilia Galeano, segunda Jefa de la Divisi&oacute;n Operaciones [&hellip;]<\/p>\n","protected":false},"author":2,"featured_media":9087,"comment_status":"open","ping_status":"open","sticky":false,"template":"","format":"standard","meta":{"footnotes":""},"categories":[3,8],"tags":[3681,860,95,118],"class_list":["post-9086","post","type-post","status-publish","format-standard","has-post-thumbnail","hentry","category-locales","category-policiales","tag-cecilia-galeano","tag-operativos","tag-parana","tag-policiales"],"_links":{"self":[{"href":"https:\/\/impactodenoticias.com.ar\/index.php?rest_route=\/wp\/v2\/posts\/9086","targetHints":{"allow":["GET"]}}],"collection":[{"href":"https:\/\/impactodenoticias.com.ar\/index.php?rest_route=\/wp\/v2\/posts"}],"about":[{"href":"https:\/\/impactodenoticias.com.ar\/index.php?rest_route=\/wp\/v2\/types\/post"}],"author":[{"embeddable":true,"href":"https:\/\/impactodenoticias.com.ar\/index.php?rest_route=\/wp\/v2\/users\/2"}],"replies":[{"embeddable":true,"href":"https:\/\/impactodenoticias.com.ar\/index.php?rest_route=%2Fwp%2Fv2%2Fcomments&post=9086"}],"version-history":[{"count":1,"href":"https:\/\/impactodenoticias.com.ar\/index.php?rest_route=\/wp\/v2\/posts\/9086\/revisions"}],"predecessor-version":[{"id":9088,"href":"https:\/\/impactodenoticias.com.ar\/index.php?rest_route=\/wp\/v2\/posts\/9086\/revisions\/9088"}],"wp:featuredmedia":[{"embeddable":true,"href":"https:\/\/impactodenoticias.com.ar\/index.php?rest_route=\/wp\/v2\/media\/9087"}],"wp:attachment":[{"href":"https:\/\/impactodenoticias.com.ar\/index.php?rest_route=%2Fwp%2Fv2%2Fmedia&parent=9086"}],"wp:term":[{"taxonomy":"category","embeddable":true,"href":"https:\/\/impactodenoticias.com.ar\/index.php?rest_route=%2Fwp%2Fv2%2Fcategories&post=9086"},{"taxonomy":"post_tag","embeddable":true,"href":"https:\/\/impactodenoticias.com.ar\/index.php?rest_route=%2Fwp%2Fv2%2Ftags&post=9086"}],"curies":[{"name":"wp","href":"https:\/\/api.w.org\/{rel}","templated":true}]}}