{"id":909,"date":"2024-07-07T10:42:21","date_gmt":"2024-07-07T13:42:21","guid":{"rendered":"https:\/\/impactodenoticias.com.ar\/?p=909"},"modified":"2024-07-07T10:42:22","modified_gmt":"2024-07-07T13:42:22","slug":"patronato-recibe-a-tristan-suarez-en-parana-donde-podes-verlo-en-vivo","status":"publish","type":"post","link":"https:\/\/impactodenoticias.com.ar\/?p=909","title":{"rendered":"Patronato recibe a Trist\u00e1n Su\u00e1rez en Paran\u00e1. Donde pod\u00e9s verlo en vivo"},"content":{"rendered":"\n<h3 class=\"wp-block-heading\">El conjunto paranaense recibe a Trist\u00e1n Su\u00e1rez este domingo desde las 16 en el estadio Presb\u00edtero Bartolom\u00e9 Grella de Paran\u00e1.<\/h3>\n\n\n\n<p>El partido corresponde a la Fecha 22 de la Zona A de la Primera Nacional.<\/p>\n\n\n\n<p>El \u201cRojinegro\u201d acumula 21 puntos, y se encuentra en zona de promoci\u00f3n, est\u00e1 a solo dos unidades del descenso directo. Por este motivo, es imperativo que sume de a tres para salir del fondo de la tabla.<\/p>\n\n\n\n<p><\/p>\n\n\n\n<blockquote class=\"twitter-tweet\"><p lang=\"es\" dir=\"ltr\">\ud83d\udccb Estos son los jugadores convocados por Diego Pozo para recibir ma\u00f1ana a <a href=\"https:\/\/twitter.com\/hashtag\/TristanSu%C3%A1rez?src=hash&amp;ref_src=twsrc%5Etfw\">#TristanSu\u00e1rez<\/a> <a href=\"https:\/\/twitter.com\/hashtag\/VamosPatr%C3%B3n?src=hash&amp;ref_src=twsrc%5Etfw\">#VamosPatr\u00f3n<\/a> \ud83d\udd34\u26ab\ufe0f\ud83d\udcaa\ud83c\udffe <a href=\"https:\/\/t.co\/VRCoaZrT9L\">pic.twitter.com\/VRCoaZrT9L<\/a><\/p>&mdash; Club A. Patronato (@ClubPatronatoOf) <a href=\"https:\/\/twitter.com\/ClubPatronatoOf\/status\/1809729348145938474?ref_src=twsrc%5Etfw\">July 6, 2024<\/a><\/blockquote> <script async src=\"https:\/\/platform.twitter.com\/widgets.js\" charset=\"utf-8\"><\/script>\n\n\n\n<p><\/p>\n\n\n\n<p>Patronato vs Trist\u00e1n Su\u00e1rez: transmisi\u00f3n en vivo<\/p>\n\n\n\n<p>El partido se jugar\u00e1 desde las 16 y ser\u00e1 transmitido por TyC Sports Play.<\/p>\n","protected":false},"excerpt":{"rendered":"<p>El conjunto paranaense recibe a Trist&aacute;n Su&aacute;rez este domingo desde las 16 en el estadio Presb&iacute;tero Bartolom&eacute; Grella de Paran&aacute;. El partido corresponde a la Fecha 22 de la Zona A de la Primera Nacional. El &ldquo;Rojinegro&rdquo; acumula 21 puntos, y se encuentra en zona de promoci&oacute;n, est&aacute; a solo dos unidades del descenso directo. [&hellip;]<\/p>\n","protected":false},"author":2,"featured_media":910,"comment_status":"open","ping_status":"open","sticky":false,"template":"","format":"standard","meta":{"footnotes":""},"categories":[7,3],"tags":[408,95,233,407],"class_list":["post-909","post","type-post","status-publish","format-standard","has-post-thumbnail","hentry","category-deportes","category-locales","tag-estadio-grella","tag-parana","tag-patronato","tag-tristan-suarez"],"_links":{"self":[{"href":"https:\/\/impactodenoticias.com.ar\/index.php?rest_route=\/wp\/v2\/posts\/909","targetHints":{"allow":["GET"]}}],"collection":[{"href":"https:\/\/impactodenoticias.com.ar\/index.php?rest_route=\/wp\/v2\/posts"}],"about":[{"href":"https:\/\/impactodenoticias.com.ar\/index.php?rest_route=\/wp\/v2\/types\/post"}],"author":[{"embeddable":true,"href":"https:\/\/impactodenoticias.com.ar\/index.php?rest_route=\/wp\/v2\/users\/2"}],"replies":[{"embeddable":true,"href":"https:\/\/impactodenoticias.com.ar\/index.php?rest_route=%2Fwp%2Fv2%2Fcomments&post=909"}],"version-history":[{"count":1,"href":"https:\/\/impactodenoticias.com.ar\/index.php?rest_route=\/wp\/v2\/posts\/909\/revisions"}],"predecessor-version":[{"id":911,"href":"https:\/\/impactodenoticias.com.ar\/index.php?rest_route=\/wp\/v2\/posts\/909\/revisions\/911"}],"wp:featuredmedia":[{"embeddable":true,"href":"https:\/\/impactodenoticias.com.ar\/index.php?rest_route=\/wp\/v2\/media\/910"}],"wp:attachment":[{"href":"https:\/\/impactodenoticias.com.ar\/index.php?rest_route=%2Fwp%2Fv2%2Fmedia&parent=909"}],"wp:term":[{"taxonomy":"category","embeddable":true,"href":"https:\/\/impactodenoticias.com.ar\/index.php?rest_route=%2Fwp%2Fv2%2Fcategories&post=909"},{"taxonomy":"post_tag","embeddable":true,"href":"https:\/\/impactodenoticias.com.ar\/index.php?rest_route=%2Fwp%2Fv2%2Ftags&post=909"}],"curies":[{"name":"wp","href":"https:\/\/api.w.org\/{rel}","templated":true}]}}