{"id":912,"date":"2024-07-07T12:17:26","date_gmt":"2024-07-07T15:17:26","guid":{"rendered":"https:\/\/impactodenoticias.com.ar\/?p=912"},"modified":"2024-07-07T12:17:27","modified_gmt":"2024-07-07T15:17:27","slug":"el-lunes-no-habra-atencion-al-publico-en-enersa","status":"publish","type":"post","link":"https:\/\/impactodenoticias.com.ar\/?p=912","title":{"rendered":"El lunes no habr\u00e1 atenci\u00f3n al p\u00fablico en Enersa"},"content":{"rendered":"\n<p><strong>La medida se debe a que se celebra el D\u00eda del Trabajador de la Electricidad tras trasladarse la fecha.<\/strong><\/p>\n\n\n\n<p>Cabe se\u00f1alar que los servicios de guardia de reclamos y emergencias operar\u00e1n con total normalidad.<\/p>\n\n\n\n<p>Por motivo de celebrarse el \u201cD\u00eda del Trabajador de la Electricidad\u201d, que fue trasladado del 13 de julio al 8 de julio, este lunes no habr\u00e1 atenci\u00f3n al p\u00fablico en Enersa.<\/p>\n\n\n\n<p>Sin embargo los servicios de guardia de reclamos y emergencias operar\u00e1n con total normalidad.<\/p>\n","protected":false},"excerpt":{"rendered":"<p>La medida se debe a que se celebra el D&iacute;a del Trabajador de la Electricidad tras trasladarse la fecha. Cabe se&ntilde;alar que los servicios de guardia de reclamos y emergencias operar&aacute;n con total normalidad. Por motivo de celebrarse el &ldquo;D&iacute;a del Trabajador de la Electricidad&rdquo;, que fue trasladado del 13 de julio al 8 de [&hellip;]<\/p>\n","protected":false},"author":2,"featured_media":913,"comment_status":"open","ping_status":"open","sticky":false,"template":"","format":"standard","meta":{"footnotes":""},"categories":[3,4,49],"tags":[410,409],"class_list":["post-912","post","type-post","status-publish","format-standard","has-post-thumbnail","hentry","category-locales","category-provinciales","category-sociedad","tag-dia-del-trabajador-de-la-electricidad","tag-enersa"],"_links":{"self":[{"href":"https:\/\/impactodenoticias.com.ar\/index.php?rest_route=\/wp\/v2\/posts\/912","targetHints":{"allow":["GET"]}}],"collection":[{"href":"https:\/\/impactodenoticias.com.ar\/index.php?rest_route=\/wp\/v2\/posts"}],"about":[{"href":"https:\/\/impactodenoticias.com.ar\/index.php?rest_route=\/wp\/v2\/types\/post"}],"author":[{"embeddable":true,"href":"https:\/\/impactodenoticias.com.ar\/index.php?rest_route=\/wp\/v2\/users\/2"}],"replies":[{"embeddable":true,"href":"https:\/\/impactodenoticias.com.ar\/index.php?rest_route=%2Fwp%2Fv2%2Fcomments&post=912"}],"version-history":[{"count":1,"href":"https:\/\/impactodenoticias.com.ar\/index.php?rest_route=\/wp\/v2\/posts\/912\/revisions"}],"predecessor-version":[{"id":914,"href":"https:\/\/impactodenoticias.com.ar\/index.php?rest_route=\/wp\/v2\/posts\/912\/revisions\/914"}],"wp:featuredmedia":[{"embeddable":true,"href":"https:\/\/impactodenoticias.com.ar\/index.php?rest_route=\/wp\/v2\/media\/913"}],"wp:attachment":[{"href":"https:\/\/impactodenoticias.com.ar\/index.php?rest_route=%2Fwp%2Fv2%2Fmedia&parent=912"}],"wp:term":[{"taxonomy":"category","embeddable":true,"href":"https:\/\/impactodenoticias.com.ar\/index.php?rest_route=%2Fwp%2Fv2%2Fcategories&post=912"},{"taxonomy":"post_tag","embeddable":true,"href":"https:\/\/impactodenoticias.com.ar\/index.php?rest_route=%2Fwp%2Fv2%2Ftags&post=912"}],"curies":[{"name":"wp","href":"https:\/\/api.w.org\/{rel}","templated":true}]}}