{"id":9178,"date":"2024-12-25T18:46:30","date_gmt":"2024-12-25T21:46:30","guid":{"rendered":"https:\/\/impactodenoticias.com.ar\/?p=9178"},"modified":"2024-12-25T18:46:30","modified_gmt":"2024-12-25T21:46:30","slug":"kueider-ya-no-figura-como-senador-en-la-pagina-oficial-de-la-camara-de-senadores-de-la-nacion","status":"publish","type":"post","link":"https:\/\/impactodenoticias.com.ar\/?p=9178","title":{"rendered":"Kueider ya no figura como senador en la p\u00e1gina oficial de la C\u00e1mara de Senadores de la Naci\u00f3n"},"content":{"rendered":"\n<h3 class=\"wp-block-heading\">El dirigente peronista, que sigue detenido en Paraguay por intentar pasar con 211 mil d\u00f3lares sin declarar, fue expulsado dos semanas atr\u00e1s. De todo el personal que ocupaba su despacho, solo fue desvinculada hasta ahora la madre de su secretaria, nombrada en agosto pasado.<\/h3>\n\n\n\n<p>Edgardo Kueider ya dej\u00f3 de figurar como senador en la web oficial del Senado de la Naci\u00f3n. Hasta el lunes 23 a la ma\u00f1ana, segu\u00eda estando como uno de los 72 integrantes de la C\u00e1mara alta, a pesar que hab\u00eda sido expulsado en la sesi\u00f3n que tuvo lugar el 12 de diciembre por una mayor\u00eda de 60 votos. Ese mismo d\u00eda, por la ma\u00f1ana, la jueza federal Sandra Arroyo hab\u00eda solicitado el desafuero con fines de detenci\u00f3n del ex senador y su secretaria, Iara Guinsel Costa, y le hab\u00eda pedido a la presidencia de la C\u00e1mara Alta, a cargo de Victoria Villarruel, que \u201cextremara las medidas\u201d en su despacho para garantizar la preservaci\u00f3n de posibles pruebas para la investigaci\u00f3n de la causa por enriquecimiento il\u00edcito y lavado de dinero que se sustancia en la Justicia Federal.<\/p>\n\n\n\n<p>Los abogador defensores de Kueider reclamaron ante la Justicia, la nulidad de la sesi\u00f3n en la que fue expulsado. Pero el viernes \u00faltimo por la ma\u00f1ana, el juez en lo Contencioso Administrativo Enrique Lavi\u00e9 Pico rechaz\u00f3 el amparo presentado por el ex legislador entrerriano para ser repuesto en su cargo, al considerar que era una competencia exclusiva del Senado de la Naci\u00f3n. El juez aval\u00f3 la participaci\u00f3n de Villarruel como presidenta del Senado en dicha sesi\u00f3n, que Kueider hab\u00eda objetado porque en ese momento deb\u00eda estar al frente del Poder Ejecutivo ya que Javier Milei estaba fuera del pa\u00eds. Ese hubiera sido el final de esta situaci\u00f3n, pero el s\u00e1bado, la defensa de Kueider -a cargo del abogado Juan Mart\u00edn Cerolini \u2013 apel\u00f3 el fallo que rechaz\u00f3 revisar su expulsi\u00f3n. Lavi\u00e9 Pico acept\u00f3 el planteo y este lunes lo envi\u00f3 a la C\u00e1mara en lo Contencioso Administrativo Federal. El caso qued\u00f3 a cargo de la Sala V, que tendr\u00e1 la palabra final sobre si puede ser repuesto o no como senador.<\/p>\n\n\n\n<p>Que ocurrir\u00e1 con el resto de los empleados del ex senador<\/p>\n\n\n\n<p>Hasta hace una semana, a\u00fan aparec\u00edan en la web de la C\u00e1mara alta los nombres de los 16 empleados que ten\u00eda asignados, pese a que hab\u00edan sido desalojados del despacho principal y otras dos oficinas en el Anexo del Senado el mismo jueves 12 en que fue expulsado del cuerpo. Ese d\u00eda, esos lugares fueron cerrados y fajados por la presidencia de la C\u00e1mara alta a pedido de la jueza federal Arroyo Salgado hasta el viernes \u00faltimo, cuando la magistrada orden\u00f3 su allanamiento para llevarse posible material de prueba para la causa en la que lo investiga por presunto enriquecimiento il\u00edcito y lavado de dinero, entre otros delitos.<\/p>\n\n\n\n<p>De esos 16 empleados que ten\u00eda Kueider hasta ser expulsado (tres menos que en octubre, cuando eran 19), 13 son de planta permanente, de los cuales 5 cuentan con la categor\u00eda m\u00e1s alta A1, con un sueldo b\u00e1sico de $2.156.000 (sin t\u00edtulo universitario, ni antig\u00fcedad). Los permanentes son los que contin\u00faan en la C\u00e1mara m\u00e1s all\u00e1 de que el senador ya no integre el cuerpo o una vez que deja su banca. Otros tres empleados eran de planta transitoria, o sea, nombrados como colaboradores temporales por el ahora ex senador en la duraci\u00f3n de su mandato. Cabe recordar que 2022 hab\u00eda llegado a tener 30 asesores.<\/p>\n\n\n\n<p>Entre esos tres empleados de planta transitoria estaba hasta hace muy poco Celina Erica Costa, la madre de Iara Guinsel Costa, la secretaria de Kueider detenida en Paraguay cuando la pareja intentaba ingresar a Ciudad del Este con los d\u00f3lares sin declarar en una mochila. Con domicilio en Concordia, de donde es oriundo Kueider, Costa estaba designada desde el 20 de agosto con la categor\u00eda m\u00e1s alta (A1), y un sueldo de $2,1 millones bruto.<\/p>\n\n\n\n<p>El nombramiento de la madre de su secretaria \u2013 a trav\u00e9s de la Resoluci\u00f3n 910\/24 \u2013 se efectiviz\u00f3 seis d\u00edas despu\u00e9s de la baja de Guinsel Costa como empleada del Senado, al trascender que estaba implicada en la investigaci\u00f3n por enriquecimiento il\u00edcito contra Kueider.<\/p>\n\n\n\n<p>Ayer, Celina \u00c9rica Costa ya no figuraba como planta transitoria del Senado. La resoluci\u00f3n de baja, sin embargo, a\u00fan no fue publicada en la web del Senado, donde est\u00e1 el resto de las decisiones de la Secretar\u00eda Administrativa.<\/p>\n\n\n\n<p>La novedad puede observarse en el siguiente link: <a href=\"https:\/\/www.senado.gob.ar\">https:\/\/www.senado.gob.ar<\/a> <\/p>\n","protected":false},"excerpt":{"rendered":"<p>El dirigente peronista, que sigue detenido en Paraguay por intentar pasar con 211 mil d&oacute;lares sin declarar, fue expulsado dos semanas atr&aacute;s. De todo el personal que ocupaba su despacho, solo fue desvinculada hasta ahora la madre de su secretaria, nombrada en agosto pasado. Edgardo Kueider ya dej&oacute; de figurar como senador en la web [&hellip;]<\/p>\n","protected":false},"author":2,"featured_media":9179,"comment_status":"open","ping_status":"open","sticky":false,"template":"","format":"standard","meta":{"footnotes":""},"categories":[10,11],"tags":[3312,2122,1692,288],"class_list":["post-9178","post","type-post","status-publish","format-standard","has-post-thumbnail","hentry","category-nacionales","category-politica","tag-edgardo-kuider","tag-empleados","tag-nacional","tag-senado"],"_links":{"self":[{"href":"https:\/\/impactodenoticias.com.ar\/index.php?rest_route=\/wp\/v2\/posts\/9178","targetHints":{"allow":["GET"]}}],"collection":[{"href":"https:\/\/impactodenoticias.com.ar\/index.php?rest_route=\/wp\/v2\/posts"}],"about":[{"href":"https:\/\/impactodenoticias.com.ar\/index.php?rest_route=\/wp\/v2\/types\/post"}],"author":[{"embeddable":true,"href":"https:\/\/impactodenoticias.com.ar\/index.php?rest_route=\/wp\/v2\/users\/2"}],"replies":[{"embeddable":true,"href":"https:\/\/impactodenoticias.com.ar\/index.php?rest_route=%2Fwp%2Fv2%2Fcomments&post=9178"}],"version-history":[{"count":1,"href":"https:\/\/impactodenoticias.com.ar\/index.php?rest_route=\/wp\/v2\/posts\/9178\/revisions"}],"predecessor-version":[{"id":9180,"href":"https:\/\/impactodenoticias.com.ar\/index.php?rest_route=\/wp\/v2\/posts\/9178\/revisions\/9180"}],"wp:featuredmedia":[{"embeddable":true,"href":"https:\/\/impactodenoticias.com.ar\/index.php?rest_route=\/wp\/v2\/media\/9179"}],"wp:attachment":[{"href":"https:\/\/impactodenoticias.com.ar\/index.php?rest_route=%2Fwp%2Fv2%2Fmedia&parent=9178"}],"wp:term":[{"taxonomy":"category","embeddable":true,"href":"https:\/\/impactodenoticias.com.ar\/index.php?rest_route=%2Fwp%2Fv2%2Fcategories&post=9178"},{"taxonomy":"post_tag","embeddable":true,"href":"https:\/\/impactodenoticias.com.ar\/index.php?rest_route=%2Fwp%2Fv2%2Ftags&post=9178"}],"curies":[{"name":"wp","href":"https:\/\/api.w.org\/{rel}","templated":true}]}}