{"id":9181,"date":"2024-12-26T07:37:10","date_gmt":"2024-12-26T10:37:10","guid":{"rendered":"https:\/\/impactodenoticias.com.ar\/?p=9181"},"modified":"2024-12-26T07:37:10","modified_gmt":"2024-12-26T10:37:10","slug":"clima-en-entre-rios-se-pronostica-una-jornada-con-tiempo-agradable-en-la-provincia","status":"publish","type":"post","link":"https:\/\/impactodenoticias.com.ar\/?p=9181","title":{"rendered":"Clima en Entre R\u00edos: se pronostica una jornada con tiempo agradable en la provincia"},"content":{"rendered":"\n<h3 class=\"wp-block-heading\">Para este jueves 26 de diciembre, se espera un d\u00eda con cielo despejado y temperaturas que ir\u00e1n en ascenso de cara al fin de semana.<\/h3>\n\n\n\n<p>El Servicio Meteorol\u00f3gico Nacional pronostica, para los \u00faltimos dos d\u00edas de esta semana, jornadas sin lluvias y con temperaturas agradables, con ascenso de los registros t\u00e9rmicos hacia el fin de semana.<\/p>\n\n\n\n<p><\/p>\n\n\n\n<figure class=\"wp-block-image size-full\"><img loading=\"lazy\" decoding=\"async\" width=\"682\" height=\"552\" src=\"https:\/\/impactodenoticias.com.ar\/wp-content\/uploads\/2024\/12\/scrnli_DvKnTz7nP6U387.png\" alt=\"\" class=\"wp-image-9182\" srcset=\"https:\/\/impactodenoticias.com.ar\/wp-content\/uploads\/2024\/12\/scrnli_DvKnTz7nP6U387.png 682w, https:\/\/impactodenoticias.com.ar\/wp-content\/uploads\/2024\/12\/scrnli_DvKnTz7nP6U387-300x243.png 300w\" sizes=\"auto, (max-width: 682px) 100vw, 682px\" \/><\/figure>\n\n\n\n<p><\/p>\n\n\n\n<p>En Paran\u00e1, la jornada se inicia con una temperatura m\u00ednima de 15\u00b0C y alcanzar\u00e1 una m\u00e1xima de 26\u00b0C. El cielo permanecer\u00e1 despejado y los vientos soplar\u00e1n desde el sector Este.<\/p>\n\n\n\n<p>Para el viernes 27, se aguarda que las temperaturas se mantengan en ascenso, alcanzando una m\u00e1xima de 31\u00b0C y una m\u00ednima de 17\u00b0C. El cielo continuar\u00e1 despejado y los vientos cambiar\u00e1n a direcci\u00f3n norte, lo que permitir\u00e1 que las temperaturas sigan increment\u00e1ndose. De este modo, la primera parte del fin de semana ser\u00e1 similar, pero con un leve aumento en los valores t\u00e9rmicos. Se pronostica que las m\u00e1ximas podr\u00edan llegar a 32\u00b0C en varias zonas del pa\u00eds.<\/p>\n\n\n\n<p>En adelante se aguardan jornadas m\u00e1s calurosas en la regi\u00f3n.<\/p>\n","protected":false},"excerpt":{"rendered":"<p>Para este jueves 26 de diciembre, se espera un d&iacute;a con cielo despejado y temperaturas que ir&aacute;n en ascenso de cara al fin de semana. El Servicio Meteorol&oacute;gico Nacional pronostica, para los &uacute;ltimos dos d&iacute;as de esta semana, jornadas sin lluvias y con temperaturas agradables, con ascenso de los registros t&eacute;rmicos hacia el fin de [&hellip;]<\/p>\n","protected":false},"author":2,"featured_media":9183,"comment_status":"open","ping_status":"open","sticky":false,"template":"","format":"standard","meta":{"footnotes":""},"categories":[4,49],"tags":[38,33],"class_list":["post-9181","post","type-post","status-publish","format-standard","has-post-thumbnail","hentry","category-provinciales","category-sociedad","tag-clima","tag-entre-rios"],"_links":{"self":[{"href":"https:\/\/impactodenoticias.com.ar\/index.php?rest_route=\/wp\/v2\/posts\/9181","targetHints":{"allow":["GET"]}}],"collection":[{"href":"https:\/\/impactodenoticias.com.ar\/index.php?rest_route=\/wp\/v2\/posts"}],"about":[{"href":"https:\/\/impactodenoticias.com.ar\/index.php?rest_route=\/wp\/v2\/types\/post"}],"author":[{"embeddable":true,"href":"https:\/\/impactodenoticias.com.ar\/index.php?rest_route=\/wp\/v2\/users\/2"}],"replies":[{"embeddable":true,"href":"https:\/\/impactodenoticias.com.ar\/index.php?rest_route=%2Fwp%2Fv2%2Fcomments&post=9181"}],"version-history":[{"count":1,"href":"https:\/\/impactodenoticias.com.ar\/index.php?rest_route=\/wp\/v2\/posts\/9181\/revisions"}],"predecessor-version":[{"id":9184,"href":"https:\/\/impactodenoticias.com.ar\/index.php?rest_route=\/wp\/v2\/posts\/9181\/revisions\/9184"}],"wp:featuredmedia":[{"embeddable":true,"href":"https:\/\/impactodenoticias.com.ar\/index.php?rest_route=\/wp\/v2\/media\/9183"}],"wp:attachment":[{"href":"https:\/\/impactodenoticias.com.ar\/index.php?rest_route=%2Fwp%2Fv2%2Fmedia&parent=9181"}],"wp:term":[{"taxonomy":"category","embeddable":true,"href":"https:\/\/impactodenoticias.com.ar\/index.php?rest_route=%2Fwp%2Fv2%2Fcategories&post=9181"},{"taxonomy":"post_tag","embeddable":true,"href":"https:\/\/impactodenoticias.com.ar\/index.php?rest_route=%2Fwp%2Fv2%2Ftags&post=9181"}],"curies":[{"name":"wp","href":"https:\/\/api.w.org\/{rel}","templated":true}]}}