{"id":9218,"date":"2024-12-26T18:26:29","date_gmt":"2024-12-26T21:26:29","guid":{"rendered":"https:\/\/impactodenoticias.com.ar\/?p=9218"},"modified":"2024-12-26T18:32:35","modified_gmt":"2024-12-26T21:32:35","slug":"condenaron-a-19-anos-de-prision-por-abuso-sexual-al-curandero-de-concordia","status":"publish","type":"post","link":"https:\/\/impactodenoticias.com.ar\/?p=9218","title":{"rendered":"Condenaron a 19 a\u00f1os de prisi\u00f3n por abuso sexual al \u00abcurandero\u00bb de Concordia"},"content":{"rendered":"\n<h3 class=\"wp-block-heading\">En la audiencia de adelanto de veredicto que se realiz\u00f3 esta ma\u00f1ana en los Tribunales de Concordia, los vocales Pablo Garrera Allende, An\u00edbal Lafourcade y Mar\u00eda Clara Mondrag\u00f3n Pafundi condenaron a 19 a\u00f1os de prisi\u00f3n a Ram\u00f3n \u00c1ngel Zabala, conocido como \u00abel curandero de calle Las H\u00e9ras\u00bb, por abuso sexual agravado.<\/h3>\n\n\n\n<p>La abogada querellante de las v\u00edctimas, Brenda Vittori, anticip\u00f3 adem\u00e1s que el hombre de 64 a\u00f1os ser\u00e1 alojado en la Unidad penal n\u00b0 3 de Concordia apenas quede firme el fallo. Y aclar\u00f3 que la condena fue por tres de las cuatro delitos que se le imputaban, ya que el tribunal hizo lugar a la prescripci\u00f3n de uno de ellos.<\/p>\n\n\n\n<p>Apenas conclu\u00edda la audiencia de esta ma\u00f1ana, Vittori subray\u00f3 la sentencia condenatoria contra Zavala y los 19 a\u00f1os de prisi\u00f3n otorgados. En cuanto al adelanto del veredicto, se\u00f1al\u00f3 que \u00abel Tribunal s\u00f3lo dio a conocer los a\u00f1os que le fueron fijados y la pr\u00f3rroga de la prisi\u00f3n preventiva, hasta que la sentencia quede firme\u00bb. Y record\u00f3 que los jueces \u00abtambi\u00e9n resolvieron un planteo de prescripci\u00f3n respecto al hecho 4, al que se hicieron lugar, ya hab\u00eda pasado el tiempo del transcurso de ley para ese hecho puntual\u00bb, asegur\u00f3.<\/p>\n\n\n\n<p>Consultada sobre tiempo m\u00ednimo que el \u00abcurandero\u00bb podr\u00eda pasar en la c\u00e1rcel teniendo en cuenta sus 64 a\u00f1os, la letrada detall\u00f3: \u00abEn principio tiene que estar todos los a\u00f1os que le fueron otorgados. Ahora, cuando cumpla la mayor\u00eda de 70 a\u00f1os, la defensa podr\u00eda llegar a pedir la modificaci\u00f3n de pena porque as\u00ed lo prev\u00e9 el C\u00f3digo Penal y tambi\u00e9n la Ley de Ejecuci\u00f3n de Penas, pero no lo ordena\u00bb. O sea, \u00abesos casos quedan siempre a criterio de los jueces y no quiere decir que por el hecho de cumplir 70 a\u00f1os va a obtener ese beneficio, sino que siempre se eval\u00faa el caso en concreto\u00bb<\/p>\n\n\n\n<p>Finalizando, Vittori adelant\u00f3 que actualmente tiene cupo ac\u00e1 en Concordia, \u00abpero despu\u00e9s ser\u00e1 una decisi\u00f3n del servicio penitenciario que maneja el cupo y la disponibilidad de la prisi\u00f3n, conforme tambi\u00e9n a la convivencia y dem\u00e1s circunstancias que puedan existir\u00bb, finaliz\u00f3.<\/p>\n\n\n\n<p>\u00abLo logramos. Felices Fiestas\u00bb<\/p>\n\n\n\n<p><a href=\"https:\/\/www.facebook.com\/reel\/1128953791558325\">https:\/\/www.facebook.com\/reel\/1128953791558325<\/a><\/p>\n\n\n\n<p>Con esas palabras despidi\u00f3 la joven que en abril del 2023 hizo p\u00fablica la acusaci\u00f3n contra Z\u00e1bala, Aldana Pesis Liand, luego de haberlo denunciado en la Justicia un a\u00f1o antes, y afirmar que ser\u00edan m\u00e1s de 60 las v\u00edctimas de abusos sexual.<\/p>\n","protected":false},"excerpt":{"rendered":"<p>En la audiencia de adelanto de veredicto que se realiz&oacute; esta ma&ntilde;ana en los Tribunales de Concordia, los vocales Pablo Garrera Allende, An&iacute;bal Lafourcade y Mar&iacute;a Clara Mondrag&oacute;n Pafundi condenaron a 19 a&ntilde;os de prisi&oacute;n a Ram&oacute;n &Aacute;ngel Zabala, conocido como &laquo;el curandero de calle Las H&eacute;ras&raquo;, por abuso sexual agravado. La abogada querellante de [&hellip;]<\/p>\n","protected":false},"author":2,"featured_media":9220,"comment_status":"open","ping_status":"open","sticky":false,"template":"","format":"standard","meta":{"footnotes":""},"categories":[90,8,4],"tags":[72,2121,3523,3706],"class_list":["post-9218","post","type-post","status-publish","format-standard","has-post-thumbnail","hentry","category-judicial","category-policiales","category-provinciales","tag-concordia","tag-condenaron","tag-curandero","tag-ramon-angel-zabala"],"_links":{"self":[{"href":"https:\/\/impactodenoticias.com.ar\/index.php?rest_route=\/wp\/v2\/posts\/9218","targetHints":{"allow":["GET"]}}],"collection":[{"href":"https:\/\/impactodenoticias.com.ar\/index.php?rest_route=\/wp\/v2\/posts"}],"about":[{"href":"https:\/\/impactodenoticias.com.ar\/index.php?rest_route=\/wp\/v2\/types\/post"}],"author":[{"embeddable":true,"href":"https:\/\/impactodenoticias.com.ar\/index.php?rest_route=\/wp\/v2\/users\/2"}],"replies":[{"embeddable":true,"href":"https:\/\/impactodenoticias.com.ar\/index.php?rest_route=%2Fwp%2Fv2%2Fcomments&post=9218"}],"version-history":[{"count":2,"href":"https:\/\/impactodenoticias.com.ar\/index.php?rest_route=\/wp\/v2\/posts\/9218\/revisions"}],"predecessor-version":[{"id":9222,"href":"https:\/\/impactodenoticias.com.ar\/index.php?rest_route=\/wp\/v2\/posts\/9218\/revisions\/9222"}],"wp:featuredmedia":[{"embeddable":true,"href":"https:\/\/impactodenoticias.com.ar\/index.php?rest_route=\/wp\/v2\/media\/9220"}],"wp:attachment":[{"href":"https:\/\/impactodenoticias.com.ar\/index.php?rest_route=%2Fwp%2Fv2%2Fmedia&parent=9218"}],"wp:term":[{"taxonomy":"category","embeddable":true,"href":"https:\/\/impactodenoticias.com.ar\/index.php?rest_route=%2Fwp%2Fv2%2Fcategories&post=9218"},{"taxonomy":"post_tag","embeddable":true,"href":"https:\/\/impactodenoticias.com.ar\/index.php?rest_route=%2Fwp%2Fv2%2Ftags&post=9218"}],"curies":[{"name":"wp","href":"https:\/\/api.w.org\/{rel}","templated":true}]}}