{"id":9232,"date":"2024-12-27T08:48:05","date_gmt":"2024-12-27T11:48:05","guid":{"rendered":"https:\/\/impactodenoticias.com.ar\/?p=9232"},"modified":"2024-12-27T08:48:05","modified_gmt":"2024-12-27T11:48:05","slug":"la-senadora-patricia-diaz-voto-en-contra-de-la-reforma-politica","status":"publish","type":"post","link":"https:\/\/impactodenoticias.com.ar\/?p=9232","title":{"rendered":"La senadora Patricia D\u00edaz vot\u00f3 en contra de la Reforma Pol\u00edtica"},"content":{"rendered":"\n<p class=\"has-medium-font-size\"><strong>\u00abNo puedo acompa\u00f1ar una propuesta que utiliza esta mejora (Boleta \u00danica de Papel) como un se\u00f1uelo para perpetuar el modelo pol\u00edtico que sigue priorizando las estructuras y los acuerdos internos por encima de la voluntad genuina de los ciudadanos\u00bb afirm\u00f3 la Senadora por el Departamento La Paz.<\/strong><\/p>\n\n\n\n<p>Hoy se voto en el Senado de la Provincia la Reforma Pol\u00edtica propuesta por el Departamento Ejecutivo provincial y tuvo una particularidad por tuvo un solo voto negativo.<\/p>\n\n\n\n<p>La senadora Patricia D\u00edaz (La Paz \u2013 M\u00e1s Para Entre R\u00edos) pidi\u00f3 la palabra para adelantar y fundamentar su voto negativo a la iniciativa de la reforma pol\u00edtica: \u201cAunque reconozco que la boleta \u00fanica de papel es un avance en t\u00e9rminos de modernizaci\u00f3n y transparencia del sistema de votaci\u00f3n, no puedo acompa\u00f1ar una propuesta que utiliza esta mejora como un se\u00f1uelo para perpetuar el modelo pol\u00edtico que sigue priorizando las estructuras y los acuerdos internos por encima de la voluntad genuina de los ciudadanos\u201d.<\/p>\n\n\n\n<p>En este sentido, agreg\u00f3 que \u201ces posible debatir y consensuar formas modernas y eficientes de emitir el voto, pero ello no debe implicar aceptar un sistema de institucionalizar las PASO, un mecanismo cuestionado por el enorme dispendio de fondos p\u00fablicos que implica, ni reafirmar la Ley Castrill\u00f3n que perpet\u00faa la preeminencia de las roscas pol\u00edticas\u201d.<\/p>\n\n\n\n<p>\u201cPor mi convicci\u00f3n y coherencia personal, siempre he sido cr\u00edtica de las leyes electorales que consolidan los privilegios de un lugar para empoderar a los ciudadanos y priorizar la representaci\u00f3n genuina de los territorios. Esta reforma en su conjunto no responde a esos principios y perpet\u00faa un modelo lejos de las verdades, de las preocupaciones de la gente de nuestra Entre R\u00edos\u201d, asever\u00f3.<\/p>\n","protected":false},"excerpt":{"rendered":"<p>&laquo;No puedo acompa&ntilde;ar una propuesta que utiliza esta mejora (Boleta &Uacute;nica de Papel) como un se&ntilde;uelo para perpetuar el modelo pol&iacute;tico que sigue priorizando las estructuras y los acuerdos internos por encima de la voluntad genuina de los ciudadanos&raquo; afirm&oacute; la Senadora por el Departamento La Paz. Hoy se voto en el Senado de la [&hellip;]<\/p>\n","protected":false},"author":2,"featured_media":9233,"comment_status":"open","ping_status":"open","sticky":false,"template":"","format":"standard","meta":{"footnotes":""},"categories":[11,4],"tags":[593,3707,904,2349],"class_list":["post-9232","post","type-post","status-publish","format-standard","has-post-thumbnail","hentry","category-politica","category-provinciales","tag-patricia-diaz","tag-reforma-electoral","tag-senadora","tag-voto"],"_links":{"self":[{"href":"https:\/\/impactodenoticias.com.ar\/index.php?rest_route=\/wp\/v2\/posts\/9232","targetHints":{"allow":["GET"]}}],"collection":[{"href":"https:\/\/impactodenoticias.com.ar\/index.php?rest_route=\/wp\/v2\/posts"}],"about":[{"href":"https:\/\/impactodenoticias.com.ar\/index.php?rest_route=\/wp\/v2\/types\/post"}],"author":[{"embeddable":true,"href":"https:\/\/impactodenoticias.com.ar\/index.php?rest_route=\/wp\/v2\/users\/2"}],"replies":[{"embeddable":true,"href":"https:\/\/impactodenoticias.com.ar\/index.php?rest_route=%2Fwp%2Fv2%2Fcomments&post=9232"}],"version-history":[{"count":1,"href":"https:\/\/impactodenoticias.com.ar\/index.php?rest_route=\/wp\/v2\/posts\/9232\/revisions"}],"predecessor-version":[{"id":9234,"href":"https:\/\/impactodenoticias.com.ar\/index.php?rest_route=\/wp\/v2\/posts\/9232\/revisions\/9234"}],"wp:featuredmedia":[{"embeddable":true,"href":"https:\/\/impactodenoticias.com.ar\/index.php?rest_route=\/wp\/v2\/media\/9233"}],"wp:attachment":[{"href":"https:\/\/impactodenoticias.com.ar\/index.php?rest_route=%2Fwp%2Fv2%2Fmedia&parent=9232"}],"wp:term":[{"taxonomy":"category","embeddable":true,"href":"https:\/\/impactodenoticias.com.ar\/index.php?rest_route=%2Fwp%2Fv2%2Fcategories&post=9232"},{"taxonomy":"post_tag","embeddable":true,"href":"https:\/\/impactodenoticias.com.ar\/index.php?rest_route=%2Fwp%2Fv2%2Ftags&post=9232"}],"curies":[{"name":"wp","href":"https:\/\/api.w.org\/{rel}","templated":true}]}}