{"id":9242,"date":"2024-12-27T10:28:26","date_gmt":"2024-12-27T13:28:26","guid":{"rendered":"https:\/\/impactodenoticias.com.ar\/?p=9242"},"modified":"2024-12-27T10:39:06","modified_gmt":"2024-12-27T13:39:06","slug":"un-partido-de-futbol-5-termino-a-los-tiros-ocurrio-en-concepcion-del-uruguay","status":"publish","type":"post","link":"https:\/\/impactodenoticias.com.ar\/?p=9242","title":{"rendered":"Un partido de f\u00fatbol 5 termin\u00f3 a los tiros. Ocurri\u00f3 en Concepci\u00f3n del Uruguay"},"content":{"rendered":"\n<h3 class=\"wp-block-heading\">Uno de los jugadores se enfureci\u00f3 por una falta, sac\u00f3 un machete de su auto y otro hombre dispar\u00f3 contra la cancha.<\/h3>\n\n\n\n<p>Un violento incidente sucedi\u00f3 en una cancha de f\u00fatbol 5 en el barrio San Felipe de Concepci\u00f3n del Uruguay, cuando un hombre, su hijo y dos adolescentes fueron arrestados tras un altercado que involucr\u00f3 disparos.<\/p>\n\n\n\n<p>De acuerdo a testigos, el incidente se inici\u00f3 durante un partido de f\u00fatbol 5, cuando un jugador se ofusc\u00f3 por una falta y sac\u00f3 un machete de su autom\u00f3vil. Otro hombre, que estaba en un veh\u00edculo, sac\u00f3 un arma de fuego y dispar\u00f3 dentro de la cancha.<\/p>\n\n\n\n<p>Los ocupantes del veh\u00edculo Toyota Corolla, que fueron detenidos, fueron identificados como un hombre de 56 a\u00f1os, su hijo de 16, y dos adolescentes de 17 y 15 a\u00f1os.<\/p>\n\n\n\n<p>La fiscal\u00eda dispuso que los menores fueran entregados a sus padres y el mayor fue trasladado a Jefatura para una correcta identificaci\u00f3n.<\/p>\n\n\n\n<p>Personal policial y la fiscal\u00eda en turno trabajan en conjunto investigando las razones por las cuales se gener\u00f3 el violento conflicto.<\/p>\n","protected":false},"excerpt":{"rendered":"<p>Uno de los jugadores se enfureci&oacute; por una falta, sac&oacute; un machete de su auto y otro hombre dispar&oacute; contra la cancha. Un violento incidente sucedi&oacute; en una cancha de f&uacute;tbol 5 en el barrio San Felipe de Concepci&oacute;n del Uruguay, cuando un hombre, su hijo y dos adolescentes fueron arrestados tras un altercado que [&hellip;]<\/p>\n","protected":false},"author":2,"featured_media":9245,"comment_status":"open","ping_status":"open","sticky":false,"template":"","format":"standard","meta":{"footnotes":""},"categories":[8,4],"tags":[324,138,422,3708,430],"class_list":["post-9242","post","type-post","status-publish","format-standard","has-post-thumbnail","hentry","category-policiales","category-provinciales","tag-concepcion-del-uruguay","tag-detenidos","tag-futbol","tag-partido","tag-tiros"],"_links":{"self":[{"href":"https:\/\/impactodenoticias.com.ar\/index.php?rest_route=\/wp\/v2\/posts\/9242","targetHints":{"allow":["GET"]}}],"collection":[{"href":"https:\/\/impactodenoticias.com.ar\/index.php?rest_route=\/wp\/v2\/posts"}],"about":[{"href":"https:\/\/impactodenoticias.com.ar\/index.php?rest_route=\/wp\/v2\/types\/post"}],"author":[{"embeddable":true,"href":"https:\/\/impactodenoticias.com.ar\/index.php?rest_route=\/wp\/v2\/users\/2"}],"replies":[{"embeddable":true,"href":"https:\/\/impactodenoticias.com.ar\/index.php?rest_route=%2Fwp%2Fv2%2Fcomments&post=9242"}],"version-history":[{"count":2,"href":"https:\/\/impactodenoticias.com.ar\/index.php?rest_route=\/wp\/v2\/posts\/9242\/revisions"}],"predecessor-version":[{"id":9247,"href":"https:\/\/impactodenoticias.com.ar\/index.php?rest_route=\/wp\/v2\/posts\/9242\/revisions\/9247"}],"wp:featuredmedia":[{"embeddable":true,"href":"https:\/\/impactodenoticias.com.ar\/index.php?rest_route=\/wp\/v2\/media\/9245"}],"wp:attachment":[{"href":"https:\/\/impactodenoticias.com.ar\/index.php?rest_route=%2Fwp%2Fv2%2Fmedia&parent=9242"}],"wp:term":[{"taxonomy":"category","embeddable":true,"href":"https:\/\/impactodenoticias.com.ar\/index.php?rest_route=%2Fwp%2Fv2%2Fcategories&post=9242"},{"taxonomy":"post_tag","embeddable":true,"href":"https:\/\/impactodenoticias.com.ar\/index.php?rest_route=%2Fwp%2Fv2%2Ftags&post=9242"}],"curies":[{"name":"wp","href":"https:\/\/api.w.org\/{rel}","templated":true}]}}