{"id":9255,"date":"2024-12-27T11:03:13","date_gmt":"2024-12-27T14:03:13","guid":{"rendered":"https:\/\/impactodenoticias.com.ar\/?p=9255"},"modified":"2024-12-27T11:03:13","modified_gmt":"2024-12-27T14:03:13","slug":"oro-verde-el-conductor-de-un-auto-embistio-un-pilar-de-gas-y-el-vehiculo-se-incendio","status":"publish","type":"post","link":"https:\/\/impactodenoticias.com.ar\/?p=9255","title":{"rendered":"Oro Verde: el conductor de un auto embisti\u00f3 un pilar de gas y el veh\u00edculo se incendi\u00f3"},"content":{"rendered":"\n<p class=\"has-medium-font-size\"><strong>El siniestro vial ocurri\u00f3 en calle Los Jacarandaes de Oro Verde. Bomberos voluntarios trabajaron en el lugar para apagar el fuego.<\/strong><\/p>\n\n\n\n<p>Un auto se incendi\u00f3 este jueves en la ciudad de Oro Verde, luego que su conductor chocara contra la casilla de gas en el ingreso de una vivienda, seg\u00fan lo informado por fuentes de Bomberos Voluntarios a <strong>IMPACTO DE NOTICIAS<\/strong>.<\/p>\n\n\n\n<p><\/p>\n\n\n\n<figure class=\"wp-block-image size-full\"><img loading=\"lazy\" decoding=\"async\" width=\"673\" height=\"648\" src=\"https:\/\/impactodenoticias.com.ar\/wp-content\/uploads\/2024\/12\/471162228_920574456886385_6179968810443249885_n.jpg\" alt=\"\" class=\"wp-image-9256\" srcset=\"https:\/\/impactodenoticias.com.ar\/wp-content\/uploads\/2024\/12\/471162228_920574456886385_6179968810443249885_n.jpg 673w, https:\/\/impactodenoticias.com.ar\/wp-content\/uploads\/2024\/12\/471162228_920574456886385_6179968810443249885_n-300x289.jpg 300w\" sizes=\"auto, (max-width: 673px) 100vw, 673px\" \/><\/figure>\n\n\n\n<p><\/p>\n\n\n\n<figure class=\"wp-block-image size-full\"><img loading=\"lazy\" decoding=\"async\" width=\"907\" height=\"530\" src=\"https:\/\/impactodenoticias.com.ar\/wp-content\/uploads\/2024\/12\/471276785_920574346886396_7980892425731501246_n.jpg\" alt=\"\" class=\"wp-image-9257\" srcset=\"https:\/\/impactodenoticias.com.ar\/wp-content\/uploads\/2024\/12\/471276785_920574346886396_7980892425731501246_n.jpg 907w, https:\/\/impactodenoticias.com.ar\/wp-content\/uploads\/2024\/12\/471276785_920574346886396_7980892425731501246_n-300x175.jpg 300w, https:\/\/impactodenoticias.com.ar\/wp-content\/uploads\/2024\/12\/471276785_920574346886396_7980892425731501246_n-768x449.jpg 768w\" sizes=\"auto, (max-width: 907px) 100vw, 907px\" \/><\/figure>\n\n\n\n<p><\/p>\n\n\n\n<p>Seg\u00fan se\u00f1alaron desde el cuartel de brigadistas a este medio, el siniestro se desarroll\u00f3 en calle Los Jacarandaes. Trabajaron en el lugar para apagar el fuego.<\/p>\n\n\n\n<p>Se aguarda informaci\u00f3n para conocer el estado de salud del conductor y si eventualmente hubo o no heridos producto de lo sucedido.<\/p>\n","protected":false},"excerpt":{"rendered":"<p>El siniestro vial ocurri&oacute; en calle Los Jacarandaes de Oro Verde. Bomberos voluntarios trabajaron en el lugar para apagar el fuego. Un auto se incendi&oacute; este jueves en la ciudad de Oro Verde, luego que su conductor chocara contra la casilla de gas en el ingreso de una vivienda, seg&uacute;n lo informado por fuentes de [&hellip;]<\/p>\n","protected":false},"author":2,"featured_media":9258,"comment_status":"open","ping_status":"open","sticky":false,"template":"","format":"standard","meta":{"footnotes":""},"categories":[3,8],"tags":[507,1612,2051,83,3695,722,95,3712],"class_list":["post-9255","post","type-post","status-publish","format-standard","has-post-thumbnail","hentry","category-locales","category-policiales","tag-auto","tag-bomberos-voluntarios","tag-choco","tag-gas","tag-incendio-2","tag-oro-verde","tag-parana","tag-pilar"],"_links":{"self":[{"href":"https:\/\/impactodenoticias.com.ar\/index.php?rest_route=\/wp\/v2\/posts\/9255","targetHints":{"allow":["GET"]}}],"collection":[{"href":"https:\/\/impactodenoticias.com.ar\/index.php?rest_route=\/wp\/v2\/posts"}],"about":[{"href":"https:\/\/impactodenoticias.com.ar\/index.php?rest_route=\/wp\/v2\/types\/post"}],"author":[{"embeddable":true,"href":"https:\/\/impactodenoticias.com.ar\/index.php?rest_route=\/wp\/v2\/users\/2"}],"replies":[{"embeddable":true,"href":"https:\/\/impactodenoticias.com.ar\/index.php?rest_route=%2Fwp%2Fv2%2Fcomments&post=9255"}],"version-history":[{"count":1,"href":"https:\/\/impactodenoticias.com.ar\/index.php?rest_route=\/wp\/v2\/posts\/9255\/revisions"}],"predecessor-version":[{"id":9259,"href":"https:\/\/impactodenoticias.com.ar\/index.php?rest_route=\/wp\/v2\/posts\/9255\/revisions\/9259"}],"wp:featuredmedia":[{"embeddable":true,"href":"https:\/\/impactodenoticias.com.ar\/index.php?rest_route=\/wp\/v2\/media\/9258"}],"wp:attachment":[{"href":"https:\/\/impactodenoticias.com.ar\/index.php?rest_route=%2Fwp%2Fv2%2Fmedia&parent=9255"}],"wp:term":[{"taxonomy":"category","embeddable":true,"href":"https:\/\/impactodenoticias.com.ar\/index.php?rest_route=%2Fwp%2Fv2%2Fcategories&post=9255"},{"taxonomy":"post_tag","embeddable":true,"href":"https:\/\/impactodenoticias.com.ar\/index.php?rest_route=%2Fwp%2Fv2%2Ftags&post=9255"}],"curies":[{"name":"wp","href":"https:\/\/api.w.org\/{rel}","templated":true}]}}