{"id":9265,"date":"2024-12-27T11:26:13","date_gmt":"2024-12-27T14:26:13","guid":{"rendered":"https:\/\/impactodenoticias.com.ar\/?p=9265"},"modified":"2024-12-27T11:26:13","modified_gmt":"2024-12-27T14:26:13","slug":"el-jabali-chancho-asilverado-y-el-ciervo-axis-fueron-declarados-plagas-en-entre-rios","status":"publish","type":"post","link":"https:\/\/impactodenoticias.com.ar\/?p=9265","title":{"rendered":"El jabal\u00ed, chancho asilverado y el ciervo axis, fueron declarados \u00abplagas\u00bb en Entre R\u00edos"},"content":{"rendered":"\n<h3 class=\"wp-block-heading\">Se trata de las \u00abespecies ex\u00f3ticas\u00bb que podr\u00e1n ser cazadas en el Entre R\u00edos bajo autorizaci\u00f3n oficial, con el objetivo de controlar la poblaci\u00f3n en el territorio de la provincia.<\/h3>\n\n\n\n<p>La C\u00e1mara de Senadores de Entre R\u00edos aprob\u00f3 este jueves por la noche el proyecto de ley de autor\u00eda del Poder Ejecutivo, que fue devuelto tras revisi\u00f3n de Diputados, por el que se declara como plagas las especies ex\u00f3ticas invasoras como el jabal\u00ed, el chancho asilvestrado y el ciervo axis en todo el territorio de la provincia \u201cdebido a los graves da\u00f1os que ocasionan\u201d.<\/p>\n\n\n\n<p>La normativa aprobada define la autorizaci\u00f3n de caza de las tres especies se\u00f1aladas. En su art\u00edculo 2 expresa que permite \u201cla caza controlada de las especies mencionadas con fines de control poblacional y mitigaci\u00f3n de los da\u00f1os\u201c.<\/p>\n\n\n\n<p>En su art\u00edculo tercero establece que el Ministerio de Desarrollo Econ\u00f3mico reglamentar\u00e1 las modalidades, de licencia y permisos de caza, zonas habilitadas, temporadas, cupos para la caza de las especies ex\u00f3ticas invasoras, garantizando su control y supervisi\u00f3n.<\/p>\n\n\n\n<p>Adem\u00e1s se indica que el Ministerio de Desarrollo Econ\u00f3mico promover\u00e1 la articulaci\u00f3n y cooperaci\u00f3n con organismos de Naci\u00f3n o Provinciales, Federaciones, entidades privadas y organismos t\u00e9cnicos especializados en la fauna y la biodiversidad, para la implementaci\u00f3n de la presente.<\/p>\n\n\n\n<p>Tambi\u00e9n define que la normativa regulatoria comprender\u00e1 tambi\u00e9n una campa\u00f1a de educaci\u00f3n y concientizaci\u00f3n sobre los impactos negativos de estas especies y la necesidad de su control por una ley. La reglamentaci\u00f3n deber\u00e1 garantizar la protecci\u00f3n del ecosistema nativo y la fauna local, evitando la afectaci\u00f3n de especies protegidas o en peligro de extinci\u00f3n.<\/p>\n\n\n\n<p>En su art\u00edculo sexto, ordena al Poder Ejecutivo, coordine con el organismo competente una estrategia Provincial para actuar y utilizar los lineamientos de la Estrategia Nacional de Especies Ex\u00f3ticas Invasoras (ENEEI) aprobada en el a\u00f1o 2017 por el Ministerio de Ambiente y Desarrollo Sustentable de la Naci\u00f3n, como as\u00ed tambi\u00e9n las recomendaciones dictadas por el Instituto Nacional de Tecnolog\u00eda Agropecuaria (INTA).<\/p>\n","protected":false},"excerpt":{"rendered":"<p>Se trata de las &laquo;especies ex&oacute;ticas&raquo; que podr&aacute;n ser cazadas en el Entre R&iacute;os bajo autorizaci&oacute;n oficial, con el objetivo de controlar la poblaci&oacute;n en el territorio de la provincia. La C&aacute;mara de Senadores de Entre R&iacute;os aprob&oacute; este jueves por la noche el proyecto de ley de autor&iacute;a del Poder Ejecutivo, que fue devuelto [&hellip;]<\/p>\n","protected":false},"author":2,"featured_media":9266,"comment_status":"open","ping_status":"open","sticky":false,"template":"","format":"standard","meta":{"footnotes":""},"categories":[11,4],"tags":[3716,2763,33,2761,2764,288],"class_list":["post-9265","post","type-post","status-publish","format-standard","has-post-thumbnail","hentry","category-politica","category-provinciales","tag-chancho-asilverado","tag-ciervo-axis","tag-entre-rios","tag-jabali","tag-plagas","tag-senado"],"_links":{"self":[{"href":"https:\/\/impactodenoticias.com.ar\/index.php?rest_route=\/wp\/v2\/posts\/9265","targetHints":{"allow":["GET"]}}],"collection":[{"href":"https:\/\/impactodenoticias.com.ar\/index.php?rest_route=\/wp\/v2\/posts"}],"about":[{"href":"https:\/\/impactodenoticias.com.ar\/index.php?rest_route=\/wp\/v2\/types\/post"}],"author":[{"embeddable":true,"href":"https:\/\/impactodenoticias.com.ar\/index.php?rest_route=\/wp\/v2\/users\/2"}],"replies":[{"embeddable":true,"href":"https:\/\/impactodenoticias.com.ar\/index.php?rest_route=%2Fwp%2Fv2%2Fcomments&post=9265"}],"version-history":[{"count":1,"href":"https:\/\/impactodenoticias.com.ar\/index.php?rest_route=\/wp\/v2\/posts\/9265\/revisions"}],"predecessor-version":[{"id":9267,"href":"https:\/\/impactodenoticias.com.ar\/index.php?rest_route=\/wp\/v2\/posts\/9265\/revisions\/9267"}],"wp:featuredmedia":[{"embeddable":true,"href":"https:\/\/impactodenoticias.com.ar\/index.php?rest_route=\/wp\/v2\/media\/9266"}],"wp:attachment":[{"href":"https:\/\/impactodenoticias.com.ar\/index.php?rest_route=%2Fwp%2Fv2%2Fmedia&parent=9265"}],"wp:term":[{"taxonomy":"category","embeddable":true,"href":"https:\/\/impactodenoticias.com.ar\/index.php?rest_route=%2Fwp%2Fv2%2Fcategories&post=9265"},{"taxonomy":"post_tag","embeddable":true,"href":"https:\/\/impactodenoticias.com.ar\/index.php?rest_route=%2Fwp%2Fv2%2Ftags&post=9265"}],"curies":[{"name":"wp","href":"https:\/\/api.w.org\/{rel}","templated":true}]}}