{"id":9283,"date":"2024-12-27T20:37:48","date_gmt":"2024-12-27T23:37:48","guid":{"rendered":"https:\/\/impactodenoticias.com.ar\/?p=9283"},"modified":"2024-12-27T20:37:48","modified_gmt":"2024-12-27T23:37:48","slug":"dos-trabajadores-sufrieron-quemaduras-tras-sufrir-una-explosion-en-su-lugar-de-trabajo-en-victoria","status":"publish","type":"post","link":"https:\/\/impactodenoticias.com.ar\/?p=9283","title":{"rendered":"Dos trabajadores sufrieron quemaduras tras sufrir una explosi\u00f3n en su lugar de trabajo en Victoria"},"content":{"rendered":"\n<h3 class=\"wp-block-heading\">Hospitalizaron a un joven de 25 a\u00f1os y un hombre de 45, quienes padecieron un accidente laboral en una empresa agropecuaria.<\/h3>\n\n\n\n<p>Se registr\u00f3 una grave explosi\u00f3n en una empresa agropecuaria ubicada en el departamento Victoria. El siniestro provoc\u00f3 quemaduras a dos operarios.<\/p>\n\n\n\n<p>El hecho ocurri\u00f3 este viernes a las 11 de la ma\u00f1ana en la empresa Granero SA, ubicada sobre la ruta 11, kil\u00f3metro 106. Intervinieron bomberos y personal policial.<\/p>\n\n\n\n<p>Por razones que se est\u00e1n investigando, producto de la explosi\u00f3n de la noria principal, dos trabajadores resultaron lesionados. Se trata de Jorge Alegre, de 45 a\u00f1os, y Nicol\u00e1s Antola, de 25 a\u00f1os.<\/p>\n\n\n\n<p>Los operarios fueron trasladados al Policl\u00ednico de Victoria para su atenci\u00f3n m\u00e9dica. Ambos arribaron conscientes al nosocomio, con algunas quemaduras en el rostro.<\/p>\n\n\n\n<p>Trabajaron en el lugar el personal de Bomberos Voluntarios Victoria y personal policial de dicha Jefatura.<\/p>\n","protected":false},"excerpt":{"rendered":"<p>Hospitalizaron a un joven de 25 a&ntilde;os y un hombre de 45, quienes padecieron un accidente laboral en una empresa agropecuaria. Se registr&oacute; una grave explosi&oacute;n en una empresa agropecuaria ubicada en el departamento Victoria. El siniestro provoc&oacute; quemaduras a dos operarios. El hecho ocurri&oacute; este viernes a las 11 de la ma&ntilde;ana en la [&hellip;]<\/p>\n","protected":false},"author":2,"featured_media":9284,"comment_status":"open","ping_status":"open","sticky":false,"template":"","format":"standard","meta":{"footnotes":""},"categories":[8,4],"tags":[3723,393,370,641,3722,568],"class_list":["post-9283","post","type-post","status-publish","format-standard","has-post-thumbnail","hentry","category-policiales","category-provinciales","tag-agropecuaria","tag-explosion","tag-quemaduras","tag-ruta-11","tag-sufrieron","tag-victoria"],"_links":{"self":[{"href":"https:\/\/impactodenoticias.com.ar\/index.php?rest_route=\/wp\/v2\/posts\/9283","targetHints":{"allow":["GET"]}}],"collection":[{"href":"https:\/\/impactodenoticias.com.ar\/index.php?rest_route=\/wp\/v2\/posts"}],"about":[{"href":"https:\/\/impactodenoticias.com.ar\/index.php?rest_route=\/wp\/v2\/types\/post"}],"author":[{"embeddable":true,"href":"https:\/\/impactodenoticias.com.ar\/index.php?rest_route=\/wp\/v2\/users\/2"}],"replies":[{"embeddable":true,"href":"https:\/\/impactodenoticias.com.ar\/index.php?rest_route=%2Fwp%2Fv2%2Fcomments&post=9283"}],"version-history":[{"count":1,"href":"https:\/\/impactodenoticias.com.ar\/index.php?rest_route=\/wp\/v2\/posts\/9283\/revisions"}],"predecessor-version":[{"id":9285,"href":"https:\/\/impactodenoticias.com.ar\/index.php?rest_route=\/wp\/v2\/posts\/9283\/revisions\/9285"}],"wp:featuredmedia":[{"embeddable":true,"href":"https:\/\/impactodenoticias.com.ar\/index.php?rest_route=\/wp\/v2\/media\/9284"}],"wp:attachment":[{"href":"https:\/\/impactodenoticias.com.ar\/index.php?rest_route=%2Fwp%2Fv2%2Fmedia&parent=9283"}],"wp:term":[{"taxonomy":"category","embeddable":true,"href":"https:\/\/impactodenoticias.com.ar\/index.php?rest_route=%2Fwp%2Fv2%2Fcategories&post=9283"},{"taxonomy":"post_tag","embeddable":true,"href":"https:\/\/impactodenoticias.com.ar\/index.php?rest_route=%2Fwp%2Fv2%2Ftags&post=9283"}],"curies":[{"name":"wp","href":"https:\/\/api.w.org\/{rel}","templated":true}]}}