{"id":9309,"date":"2024-12-28T09:50:16","date_gmt":"2024-12-28T12:50:16","guid":{"rendered":"https:\/\/impactodenoticias.com.ar\/?p=9309"},"modified":"2024-12-28T09:54:37","modified_gmt":"2024-12-28T12:54:37","slug":"un-violento-joven-agredio-a-su-abuelo-y-le-robo-la-tarjeta-de-debito","status":"publish","type":"post","link":"https:\/\/impactodenoticias.com.ar\/?p=9309","title":{"rendered":"Un violento joven agredi\u00f3 a su abuelo y le rob\u00f3 la tarjeta de d\u00e9bito"},"content":{"rendered":"\n<h3 class=\"wp-block-heading\">Un joven fue denunciado por su madre, despu\u00e9s que atacara a su abuelo en Paran\u00e1 y le robara una tarjeta de d\u00e9bito.<\/h3>\n\n\n\n<p>Arrestaron a un violento joven, tras agredir a su abuelo y sustraerle la tarjeta de d\u00e9bito. El hecho se produjo en la madrugada de este viernes.<\/p>\n\n\n\n<p>Seg\u00fan se inform\u00f3 a <strong>IMPACTO DE NOTICIAS<\/strong>, personal policial de Comisar\u00eda Cuarta de recorrida por calle Vucetich, recibi\u00f3 un pedido de auxilio por parte de una mujer.<\/p>\n\n\n\n<p>En ese momento, la vecina le explic\u00f3 al personal policial que su hijo de 20 a\u00f1os hab\u00eda empujado y maltratado a su padre, de 81, sustray\u00e9ndole su tarjeta de d\u00e9bito del Banco Entre R\u00edos.<\/p>\n\n\n\n<p>El sujeto fue demorado en el lugar, presentaba medidas restrictiva para el domicilio y por disposici\u00f3n de la fiscal\u00eda de turno fue detenido y alojado en Alcald\u00eda por los delitos Tentativa de Hurto y Desobediencia judicial.<\/p>\n","protected":false},"excerpt":{"rendered":"<p>Un joven fue denunciado por su madre, despu&eacute;s que atacara a su abuelo en Paran&aacute; y le robara una tarjeta de d&eacute;bito. Arrestaron a un violento joven, tras agredir a su abuelo y sustraerle la tarjeta de d&eacute;bito. El hecho se produjo en la madrugada de este viernes. Seg&uacute;n se inform&oacute; a IMPACTO DE NOTICIAS, [&hellip;]<\/p>\n","protected":false},"author":2,"featured_media":9310,"comment_status":"open","ping_status":"open","sticky":false,"template":"","format":"standard","meta":{"footnotes":""},"categories":[3,8],"tags":[2884,3739,2284,1551,137,95,147],"class_list":["post-9309","post","type-post","status-publish","format-standard","has-post-thumbnail","hentry","category-locales","category-policiales","tag-abuelo","tag-debito","tag-detuvieron","tag-golpes","tag-joven","tag-parana","tag-robo"],"_links":{"self":[{"href":"https:\/\/impactodenoticias.com.ar\/index.php?rest_route=\/wp\/v2\/posts\/9309","targetHints":{"allow":["GET"]}}],"collection":[{"href":"https:\/\/impactodenoticias.com.ar\/index.php?rest_route=\/wp\/v2\/posts"}],"about":[{"href":"https:\/\/impactodenoticias.com.ar\/index.php?rest_route=\/wp\/v2\/types\/post"}],"author":[{"embeddable":true,"href":"https:\/\/impactodenoticias.com.ar\/index.php?rest_route=\/wp\/v2\/users\/2"}],"replies":[{"embeddable":true,"href":"https:\/\/impactodenoticias.com.ar\/index.php?rest_route=%2Fwp%2Fv2%2Fcomments&post=9309"}],"version-history":[{"count":2,"href":"https:\/\/impactodenoticias.com.ar\/index.php?rest_route=\/wp\/v2\/posts\/9309\/revisions"}],"predecessor-version":[{"id":9312,"href":"https:\/\/impactodenoticias.com.ar\/index.php?rest_route=\/wp\/v2\/posts\/9309\/revisions\/9312"}],"wp:featuredmedia":[{"embeddable":true,"href":"https:\/\/impactodenoticias.com.ar\/index.php?rest_route=\/wp\/v2\/media\/9310"}],"wp:attachment":[{"href":"https:\/\/impactodenoticias.com.ar\/index.php?rest_route=%2Fwp%2Fv2%2Fmedia&parent=9309"}],"wp:term":[{"taxonomy":"category","embeddable":true,"href":"https:\/\/impactodenoticias.com.ar\/index.php?rest_route=%2Fwp%2Fv2%2Fcategories&post=9309"},{"taxonomy":"post_tag","embeddable":true,"href":"https:\/\/impactodenoticias.com.ar\/index.php?rest_route=%2Fwp%2Fv2%2Ftags&post=9309"}],"curies":[{"name":"wp","href":"https:\/\/api.w.org\/{rel}","templated":true}]}}