{"id":932,"date":"2024-07-07T13:36:05","date_gmt":"2024-07-07T16:36:05","guid":{"rendered":"https:\/\/impactodenoticias.com.ar\/?p=932"},"modified":"2024-07-07T13:43:05","modified_gmt":"2024-07-07T16:43:05","slug":"tragedia-en-santa-ana-fallecio-un-jugador-de-futbol-tras-sufrir-una-descompensacion-mientras-jugaba-un-partido","status":"publish","type":"post","link":"https:\/\/impactodenoticias.com.ar\/?p=932","title":{"rendered":"Tragedia en Santa Ana: falleci\u00f3 un dirigente de f\u00fatbol tras sufrir una descompensaci\u00f3n mientras jugaba un partido"},"content":{"rendered":"\n<p><strong>Un hombre muri\u00f3 tras sufrir un paro cardiorrespiratorio en un partido de f\u00fatbol de veteranos en Santa Ana, Partido de Chajar\u00ed. El triste hecho se produjo la tarde del s\u00e1bado en la localidad de Santa Ana.<\/strong><\/p>\n\n\n\n<p>El hombre fallecido fue identificado como Dante Eloy \u201cChoch\u00f3n\u201d Michellod, colaborador y dirigente del Centro Deportivo y Social Santa Ana.<\/p>\n\n\n\n<p>\u201cEl Centro Social y Deportivo Santa Ana participa con profundo pesar del fallecimiento de Dante Michellod \u2018Choch\u00f3n\u2019, integrante de la comisi\u00f3n de nuestra instituci\u00f3n, padre de Fernando Michellod vicepresidente del club y Padre de Agust\u00edn Michellod DT de Reserva. Acompa\u00f1amos y enviamos nuestras condolencias a su familia y amigos en este dif\u00edcil momento\u201d, expresaron desde la entidad deportiva.<\/p>\n\n\n\n<p>Cabe se\u00f1alar que debido a este triste suceso, el partido que deb\u00edan disputar este domingo Santa Ana y V\u00e9lez Sarsfield, por una nueva fecha del torneo organizado por la Liga de F\u00fatbol de Chajar\u00ed, fue postergado para el pr\u00f3ximo martes 9 de julio.<\/p>\n","protected":false},"excerpt":{"rendered":"<p>Un hombre muri&oacute; tras sufrir un paro cardiorrespiratorio en un partido de f&uacute;tbol de veteranos en Santa Ana, Partido de Chajar&iacute;. El triste hecho se produjo la tarde del s&aacute;bado en la localidad de Santa Ana. El hombre fallecido fue identificado como Dante Eloy &ldquo;Choch&oacute;n&rdquo; Michellod, colaborador y dirigente del Centro Deportivo y Social Santa [&hellip;]<\/p>\n","protected":false},"author":2,"featured_media":933,"comment_status":"open","ping_status":"open","sticky":false,"template":"","format":"standard","meta":{"footnotes":""},"categories":[8,4],"tags":[424,211,423,252,422,420],"class_list":["post-932","post","type-post","status-publish","format-standard","has-post-thumbnail","hentry","category-policiales","category-provinciales","tag-centro-deportivo-y-social-santa-ana","tag-chajari","tag-dante-eloy-chochon-michellod","tag-fallecio","tag-futbol","tag-santa-ana"],"_links":{"self":[{"href":"https:\/\/impactodenoticias.com.ar\/index.php?rest_route=\/wp\/v2\/posts\/932","targetHints":{"allow":["GET"]}}],"collection":[{"href":"https:\/\/impactodenoticias.com.ar\/index.php?rest_route=\/wp\/v2\/posts"}],"about":[{"href":"https:\/\/impactodenoticias.com.ar\/index.php?rest_route=\/wp\/v2\/types\/post"}],"author":[{"embeddable":true,"href":"https:\/\/impactodenoticias.com.ar\/index.php?rest_route=\/wp\/v2\/users\/2"}],"replies":[{"embeddable":true,"href":"https:\/\/impactodenoticias.com.ar\/index.php?rest_route=%2Fwp%2Fv2%2Fcomments&post=932"}],"version-history":[{"count":2,"href":"https:\/\/impactodenoticias.com.ar\/index.php?rest_route=\/wp\/v2\/posts\/932\/revisions"}],"predecessor-version":[{"id":935,"href":"https:\/\/impactodenoticias.com.ar\/index.php?rest_route=\/wp\/v2\/posts\/932\/revisions\/935"}],"wp:featuredmedia":[{"embeddable":true,"href":"https:\/\/impactodenoticias.com.ar\/index.php?rest_route=\/wp\/v2\/media\/933"}],"wp:attachment":[{"href":"https:\/\/impactodenoticias.com.ar\/index.php?rest_route=%2Fwp%2Fv2%2Fmedia&parent=932"}],"wp:term":[{"taxonomy":"category","embeddable":true,"href":"https:\/\/impactodenoticias.com.ar\/index.php?rest_route=%2Fwp%2Fv2%2Fcategories&post=932"},{"taxonomy":"post_tag","embeddable":true,"href":"https:\/\/impactodenoticias.com.ar\/index.php?rest_route=%2Fwp%2Fv2%2Ftags&post=932"}],"curies":[{"name":"wp","href":"https:\/\/api.w.org\/{rel}","templated":true}]}}