{"id":9329,"date":"2024-12-29T10:45:19","date_gmt":"2024-12-29T13:45:19","guid":{"rendered":"https:\/\/impactodenoticias.com.ar\/?p=9329"},"modified":"2024-12-29T10:45:19","modified_gmt":"2024-12-29T13:45:19","slug":"se-incendio-una-maderera-en-concepcion-del-uruguay","status":"publish","type":"post","link":"https:\/\/impactodenoticias.com.ar\/?p=9329","title":{"rendered":"Se incendi\u00f3 una maderera en Concepci\u00f3n del Uruguay"},"content":{"rendered":"\n<h3 class=\"wp-block-heading\">Se registr\u00f3 un voraz incendio en la maderera \u00abLa Forestal Concepci\u00f3n\u00bb, ubicada en Bv. D\u00edaz V\u00e9lez y Bv. Yrigoyen. El fuego habr\u00eda comenzado a las 18:15 por motivos que aun est\u00e1n siendo investigados.<\/h3>\n\n\n\n<p>Seg\u00fan los dichos del propietario, el local hab\u00eda cerrado a las 13:00 sin presencia de personas en su interior. Bomberos trabajaron intensamente para controlar el fuego, mientras que personal de Investigaciones retir\u00f3 el sistema de videovigilancia para analizar las im\u00e1genes.<\/p>\n\n\n\n<p><\/p>\n\n\n\n<figure class=\"wp-block-image size-full\"><img loading=\"lazy\" decoding=\"async\" width=\"1004\" height=\"591\" src=\"https:\/\/impactodenoticias.com.ar\/wp-content\/uploads\/2024\/12\/WhatsApp-Image-2024-12-29-at-01.28.39-1.webp\" alt=\"\" class=\"wp-image-9330\" srcset=\"https:\/\/impactodenoticias.com.ar\/wp-content\/uploads\/2024\/12\/WhatsApp-Image-2024-12-29-at-01.28.39-1.webp 1004w, https:\/\/impactodenoticias.com.ar\/wp-content\/uploads\/2024\/12\/WhatsApp-Image-2024-12-29-at-01.28.39-1-300x177.webp 300w, https:\/\/impactodenoticias.com.ar\/wp-content\/uploads\/2024\/12\/WhatsApp-Image-2024-12-29-at-01.28.39-1-768x452.webp 768w\" sizes=\"auto, (max-width: 1004px) 100vw, 1004px\" \/><\/figure>\n\n\n\n<p><\/p>\n\n\n\n<figure class=\"wp-block-image size-full\"><img loading=\"lazy\" decoding=\"async\" width=\"720\" height=\"507\" src=\"https:\/\/impactodenoticias.com.ar\/wp-content\/uploads\/2024\/12\/noti24-12-28incdu1.webp\" alt=\"\" class=\"wp-image-9332\" srcset=\"https:\/\/impactodenoticias.com.ar\/wp-content\/uploads\/2024\/12\/noti24-12-28incdu1.webp 720w, https:\/\/impactodenoticias.com.ar\/wp-content\/uploads\/2024\/12\/noti24-12-28incdu1-300x211.webp 300w\" sizes=\"auto, (max-width: 720px) 100vw, 720px\" \/><\/figure>\n\n\n\n<p><\/p>\n\n\n\n<p>Dos personas resultaron heridas, se trata de un bombero de 40 a\u00f1os, quien sufri\u00f3 principio de asfixia y fue trasladado al hospital, mientras que un vecino de 47 a\u00f1os que intent\u00f3 extinguir las llamas se lesion\u00f3 en la frente.<\/p>\n\n\n\n<p>Durante las tareas de control, un cami\u00f3n cisterna del municipio perdi\u00f3 el control y colision\u00f3 con un autom\u00f3vil y una bicicleta estacionados. Las autoridades se encuntras avocadas a la investigaci\u00f3n.<\/p>\n","protected":false},"excerpt":{"rendered":"<p>Se registr&oacute; un voraz incendio en la maderera &laquo;La Forestal Concepci&oacute;n&raquo;, ubicada en Bv. D&iacute;az V&eacute;lez y Bv. Yrigoyen. El fuego habr&iacute;a comenzado a las 18:15 por motivos que aun est&aacute;n siendo investigados. Seg&uacute;n los dichos del propietario, el local hab&iacute;a cerrado a las 13:00 sin presencia de personas en su interior. Bomberos trabajaron intensamente [&hellip;]<\/p>\n","protected":false},"author":2,"featured_media":9333,"comment_status":"open","ping_status":"open","sticky":false,"template":"","format":"standard","meta":{"footnotes":""},"categories":[8,4],"tags":[324,227,3744],"class_list":["post-9329","post","type-post","status-publish","format-standard","has-post-thumbnail","hentry","category-policiales","category-provinciales","tag-concepcion-del-uruguay","tag-incendio","tag-madedera"],"_links":{"self":[{"href":"https:\/\/impactodenoticias.com.ar\/index.php?rest_route=\/wp\/v2\/posts\/9329","targetHints":{"allow":["GET"]}}],"collection":[{"href":"https:\/\/impactodenoticias.com.ar\/index.php?rest_route=\/wp\/v2\/posts"}],"about":[{"href":"https:\/\/impactodenoticias.com.ar\/index.php?rest_route=\/wp\/v2\/types\/post"}],"author":[{"embeddable":true,"href":"https:\/\/impactodenoticias.com.ar\/index.php?rest_route=\/wp\/v2\/users\/2"}],"replies":[{"embeddable":true,"href":"https:\/\/impactodenoticias.com.ar\/index.php?rest_route=%2Fwp%2Fv2%2Fcomments&post=9329"}],"version-history":[{"count":1,"href":"https:\/\/impactodenoticias.com.ar\/index.php?rest_route=\/wp\/v2\/posts\/9329\/revisions"}],"predecessor-version":[{"id":9334,"href":"https:\/\/impactodenoticias.com.ar\/index.php?rest_route=\/wp\/v2\/posts\/9329\/revisions\/9334"}],"wp:featuredmedia":[{"embeddable":true,"href":"https:\/\/impactodenoticias.com.ar\/index.php?rest_route=\/wp\/v2\/media\/9333"}],"wp:attachment":[{"href":"https:\/\/impactodenoticias.com.ar\/index.php?rest_route=%2Fwp%2Fv2%2Fmedia&parent=9329"}],"wp:term":[{"taxonomy":"category","embeddable":true,"href":"https:\/\/impactodenoticias.com.ar\/index.php?rest_route=%2Fwp%2Fv2%2Fcategories&post=9329"},{"taxonomy":"post_tag","embeddable":true,"href":"https:\/\/impactodenoticias.com.ar\/index.php?rest_route=%2Fwp%2Fv2%2Ftags&post=9329"}],"curies":[{"name":"wp","href":"https:\/\/api.w.org\/{rel}","templated":true}]}}