{"id":9346,"date":"2024-12-30T09:22:38","date_gmt":"2024-12-30T12:22:38","guid":{"rendered":"https:\/\/impactodenoticias.com.ar\/?p=9346"},"modified":"2024-12-30T09:22:39","modified_gmt":"2024-12-30T12:22:39","slug":"clima-en-entre-rios-se-espera-una-jornada-con-temperaturas-en-aumento","status":"publish","type":"post","link":"https:\/\/impactodenoticias.com.ar\/?p=9346","title":{"rendered":"Clima en Entre R\u00edos: se espera una jornada con temperaturas en aumento"},"content":{"rendered":"\n<p class=\"has-medium-font-size\"><strong>Este lunes y martes se incrementar\u00e1n los registros t\u00e9rmicos en Entre R\u00edos. Para el mi\u00e9rcoles 1 de enero se aguardan posibles inestabilidades en la provincia.<\/strong><\/p>\n\n\n\n<p>El Servicio Meteorol\u00f3gico Nacional \u2013SMN\u2013 se\u00f1ala que se esperan dos d\u00edas de calor en el tramo final del 2024 en Entre R\u00edos. Este lunes se anuncian 31 grados y este martes subir\u00e1 a 35 grados.<\/p>\n\n\n\n<p>Para hoy lunes se espera 18 de m\u00ednima y hasta 31 grados de m\u00e1xima en la provincia, con cielo soleado y parcialmente nublado. Ma\u00f1ana martes anuncian 24 de m\u00ednima y 35 de m\u00e1xima, con nubosidad en ascenso.<\/p>\n\n\n\n<p>El SMN ratific\u00f3 la probabilidad de lluvias y tormentas aisladas para este mi\u00e9rcoles 25. No obstante las probabilidades de precipitaciones no son elevadas, s\u00ed espera gran presencia de nubes durante el primer d\u00eda del a\u00f1o y un suave descenso de temperaturas. Las m\u00e1ximas esperadas ser\u00e1n de hasta 30\/32 grados.<\/p>\n\n\n\n<p><\/p>\n\n\n\n<figure class=\"wp-block-image size-full\"><img loading=\"lazy\" decoding=\"async\" width=\"676\" height=\"554\" src=\"https:\/\/impactodenoticias.com.ar\/wp-content\/uploads\/2024\/12\/scrnli_395DGStwl0baNK.png\" alt=\"\" class=\"wp-image-9347\" srcset=\"https:\/\/impactodenoticias.com.ar\/wp-content\/uploads\/2024\/12\/scrnli_395DGStwl0baNK.png 676w, https:\/\/impactodenoticias.com.ar\/wp-content\/uploads\/2024\/12\/scrnli_395DGStwl0baNK-300x246.png 300w\" sizes=\"auto, (max-width: 676px) 100vw, 676px\" \/><\/figure>\n\n\n\n<p><\/p>\n\n\n\n<p><strong>El clima para el mi\u00e9rcoles 1 de enero de 2025 en Entre R\u00edos<\/strong><\/p>\n\n\n\n<p>En Paran\u00e1, La Paz, Villaguay, Diamante y Nogoy\u00e1 se esperan para el mi\u00e9rcoles una m\u00ednima ser\u00e1 de 22 grados y la m\u00e1xima alcanzar\u00e1 los 30 grados, con posibles chaparrones de ma\u00f1ana y tormentas aisladas de tarde.<\/p>\n\n\n\n<p>Mientras que en Concordia, Federal, Feliciano, Federaci\u00f3n y San Salvador, se pronostica el mi\u00e9rcoles una m\u00ednima de 22 grados y una m\u00e1xima de 32 grados, con probabilidad de chaparrones y tormentas aisladas.<\/p>\n\n\n\n<p>En Gualeguaych\u00fa, Col\u00f3n, Uruguay, Tala e Islas, se anuncia una m\u00ednima de 22 grados y una m\u00e1xima de 28 grados. Se pronostican posibles tormentas aisladas durante el d\u00eda.<\/p>\n\n\n\n<p>Por su parte en Victoria y Gualeguay se aguarda 22 grados de m\u00ednima y 28 grados de m\u00e1xima el mi\u00e9rcoles, con anuncio de posibles tormentas aisladas.<\/p>\n","protected":false},"excerpt":{"rendered":"<p>Este lunes y martes se incrementar&aacute;n los registros t&eacute;rmicos en Entre R&iacute;os. Para el mi&eacute;rcoles 1 de enero se aguardan posibles inestabilidades en la provincia. El Servicio Meteorol&oacute;gico Nacional &ndash;SMN&ndash; se&ntilde;ala que se esperan dos d&iacute;as de calor en el tramo final del 2024 en Entre R&iacute;os. Este lunes se anuncian 31 grados y este [&hellip;]<\/p>\n","protected":false},"author":2,"featured_media":9348,"comment_status":"open","ping_status":"open","sticky":false,"template":"","format":"standard","meta":{"footnotes":""},"categories":[4,49],"tags":[38,33],"class_list":["post-9346","post","type-post","status-publish","format-standard","has-post-thumbnail","hentry","category-provinciales","category-sociedad","tag-clima","tag-entre-rios"],"_links":{"self":[{"href":"https:\/\/impactodenoticias.com.ar\/index.php?rest_route=\/wp\/v2\/posts\/9346","targetHints":{"allow":["GET"]}}],"collection":[{"href":"https:\/\/impactodenoticias.com.ar\/index.php?rest_route=\/wp\/v2\/posts"}],"about":[{"href":"https:\/\/impactodenoticias.com.ar\/index.php?rest_route=\/wp\/v2\/types\/post"}],"author":[{"embeddable":true,"href":"https:\/\/impactodenoticias.com.ar\/index.php?rest_route=\/wp\/v2\/users\/2"}],"replies":[{"embeddable":true,"href":"https:\/\/impactodenoticias.com.ar\/index.php?rest_route=%2Fwp%2Fv2%2Fcomments&post=9346"}],"version-history":[{"count":1,"href":"https:\/\/impactodenoticias.com.ar\/index.php?rest_route=\/wp\/v2\/posts\/9346\/revisions"}],"predecessor-version":[{"id":9349,"href":"https:\/\/impactodenoticias.com.ar\/index.php?rest_route=\/wp\/v2\/posts\/9346\/revisions\/9349"}],"wp:featuredmedia":[{"embeddable":true,"href":"https:\/\/impactodenoticias.com.ar\/index.php?rest_route=\/wp\/v2\/media\/9348"}],"wp:attachment":[{"href":"https:\/\/impactodenoticias.com.ar\/index.php?rest_route=%2Fwp%2Fv2%2Fmedia&parent=9346"}],"wp:term":[{"taxonomy":"category","embeddable":true,"href":"https:\/\/impactodenoticias.com.ar\/index.php?rest_route=%2Fwp%2Fv2%2Fcategories&post=9346"},{"taxonomy":"post_tag","embeddable":true,"href":"https:\/\/impactodenoticias.com.ar\/index.php?rest_route=%2Fwp%2Fv2%2Ftags&post=9346"}],"curies":[{"name":"wp","href":"https:\/\/api.w.org\/{rel}","templated":true}]}}