{"id":9367,"date":"2024-12-30T10:02:50","date_gmt":"2024-12-30T13:02:50","guid":{"rendered":"https:\/\/impactodenoticias.com.ar\/?p=9367"},"modified":"2024-12-30T10:02:50","modified_gmt":"2024-12-30T13:02:50","slug":"murio-en-san-salvador-un-empleado-municipal-mientras-se-encontraba-de-guardia","status":"publish","type":"post","link":"https:\/\/impactodenoticias.com.ar\/?p=9367","title":{"rendered":"Muri\u00f3 en San Salvador un empleado municipal mientras se encontraba de guardia"},"content":{"rendered":"\n<h3 class=\"wp-block-heading\">Falleci\u00f3 un empleado del municipio que se encontraba trabajando, ocurri\u00f3 este domingo. El cuerpo fue trasladado a la morgue.<\/h3>\n\n\n\n<p>Un empleado municipal falleci\u00f3 este domingo en San Salvador, en momentos en que se encontraba trabajando. Seg\u00fan se inform\u00f3 a <strong>IMPACTO DE NOTICIAS<\/strong>, la muerte se dio tras sufrir una descompensaci\u00f3n. Su cuerpo ser\u00e1 trasladado a la morgue de Concordia.<\/p>\n\n\n\n<p>El hecho sucedi\u00f3 a las 7:30 en Avenida Sarmiento, frente al Predio del Arroz. Personal policial junto con el m\u00e9dico en turno constataron al fallecido en plena v\u00eda p\u00fablica y se cree que podr\u00eda haber sufrido un paro cardiorrespiratorio.<\/p>\n\n\n\n<p>El fiscal dispuso que se realizaran las actuaciones de rigor para dilucidar las circunstancias del fallecimiento. El cuerpo fue llevado a Concordia por parte de la Divisi\u00f3n Bomberos Zapadores. En el lugar intervino Secci\u00f3n Judiciales y Criminal\u00edstica de la Departamental de San Salvador.<\/p>\n","protected":false},"excerpt":{"rendered":"<p>Falleci&oacute; un empleado del municipio que se encontraba trabajando, ocurri&oacute; este domingo. El cuerpo fue trasladado a la morgue. Un empleado municipal falleci&oacute; este domingo en San Salvador, en momentos en que se encontraba trabajando. Seg&uacute;n se inform&oacute; a IMPACTO DE NOTICIAS, la muerte se dio tras sufrir una descompensaci&oacute;n. Su cuerpo ser&aacute; trasladado a [&hellip;]<\/p>\n","protected":false},"author":2,"featured_media":9368,"comment_status":"open","ping_status":"open","sticky":false,"template":"","format":"standard","meta":{"footnotes":""},"categories":[8,4],"tags":[2777,369,157,3754,639],"class_list":["post-9367","post","type-post","status-publish","format-standard","has-post-thumbnail","hentry","category-policiales","category-provinciales","tag-empleado","tag-muerte","tag-municipal","tag-predio-del-arrroz","tag-san-salvador"],"_links":{"self":[{"href":"https:\/\/impactodenoticias.com.ar\/index.php?rest_route=\/wp\/v2\/posts\/9367","targetHints":{"allow":["GET"]}}],"collection":[{"href":"https:\/\/impactodenoticias.com.ar\/index.php?rest_route=\/wp\/v2\/posts"}],"about":[{"href":"https:\/\/impactodenoticias.com.ar\/index.php?rest_route=\/wp\/v2\/types\/post"}],"author":[{"embeddable":true,"href":"https:\/\/impactodenoticias.com.ar\/index.php?rest_route=\/wp\/v2\/users\/2"}],"replies":[{"embeddable":true,"href":"https:\/\/impactodenoticias.com.ar\/index.php?rest_route=%2Fwp%2Fv2%2Fcomments&post=9367"}],"version-history":[{"count":1,"href":"https:\/\/impactodenoticias.com.ar\/index.php?rest_route=\/wp\/v2\/posts\/9367\/revisions"}],"predecessor-version":[{"id":9369,"href":"https:\/\/impactodenoticias.com.ar\/index.php?rest_route=\/wp\/v2\/posts\/9367\/revisions\/9369"}],"wp:featuredmedia":[{"embeddable":true,"href":"https:\/\/impactodenoticias.com.ar\/index.php?rest_route=\/wp\/v2\/media\/9368"}],"wp:attachment":[{"href":"https:\/\/impactodenoticias.com.ar\/index.php?rest_route=%2Fwp%2Fv2%2Fmedia&parent=9367"}],"wp:term":[{"taxonomy":"category","embeddable":true,"href":"https:\/\/impactodenoticias.com.ar\/index.php?rest_route=%2Fwp%2Fv2%2Fcategories&post=9367"},{"taxonomy":"post_tag","embeddable":true,"href":"https:\/\/impactodenoticias.com.ar\/index.php?rest_route=%2Fwp%2Fv2%2Ftags&post=9367"}],"curies":[{"name":"wp","href":"https:\/\/api.w.org\/{rel}","templated":true}]}}