{"id":9385,"date":"2024-12-30T15:52:37","date_gmt":"2024-12-30T18:52:37","guid":{"rendered":"https:\/\/impactodenoticias.com.ar\/?p=9385"},"modified":"2024-12-31T10:14:56","modified_gmt":"2024-12-31T13:14:56","slug":"ultimo-momento-murio-jorge-lanata","status":"publish","type":"post","link":"https:\/\/impactodenoticias.com.ar\/?p=9385","title":{"rendered":"\u00daLTIMO MOMENTO: MURI\u00d3 JORGE LANATA"},"content":{"rendered":"\n<h3 class=\"wp-block-heading\">El periodista estaba internado desde el pasado 14 de junio y en las \u00faltimas horas su familia recibi\u00f3 la triste noticia de una desmejor\u00eda de su salud que no se esperaba.<\/h3>\n\n\n\n<p>Jorge Lanata muri\u00f3 a los 64 a\u00f1os despu\u00e9s de haber estado internado varios meses tras haber sufrido un infarto y otras complicaciones de salud mientras le realizan un estudio programado. El periodista falleci\u00f3 en el Hospital Italiano de Buenos Aires, donde pas\u00f3 casi la totalidad de su internaci\u00f3n.<\/p>\n\n\n\n<p>Jorge Lanata falleci\u00f3 a los 64 a\u00f1os luego de haber estado internado varios meses tras haber sufrido un infarto y otras complicaciones de salud mientras le realizan un estudio programado. El periodista falleci\u00f3 en el Hospital Italiano de Buenos Aires, donde pas\u00f3 pr\u00e1cticamente toda su internaci\u00f3n.<\/p>\n\n\n\n<p>Durante los m\u00e1s de 6 meses de internaci\u00f3n, el conductor soport\u00f3 algunos traslados a la Cl\u00ednica de Neurorrehabilitaci\u00f3n Santa Catalina, donde estaba previsto un plan integral de recuperaci\u00f3n, el que se vio varias veces interrumpido por complicaciones en cuadro cl\u00ednico.<\/p>\n\n\n\n<p>Los d\u00edas de Lanata en terapia intensiva y aislado de la realidad argentina, se vieron te\u00f1idos por el enfrentamiento de su esposa Elba Marcovecchio con sus hijas, B\u00e1rbara y Lola Lanata, que comenz\u00f3 en los medios y lleg\u00f3 hasta la Justicia con denuncias cruzadas.<\/p>\n\n\n\n<p>Noticia en desarrollo\u2026<\/p>\n","protected":false},"excerpt":{"rendered":"<p>El periodista estaba internado desde el pasado 14 de junio y en las &uacute;ltimas horas su familia recibi&oacute; la triste noticia de una desmejor&iacute;a de su salud que no se esperaba. Jorge Lanata muri&oacute; a los 64 a&ntilde;os despu&eacute;s de haber estado internado varios meses tras haber sufrido un infarto y otras complicaciones de salud [&hellip;]<\/p>\n","protected":false},"author":2,"featured_media":9386,"comment_status":"open","ping_status":"open","sticky":false,"template":"","format":"standard","meta":{"footnotes":""},"categories":[5,10,49],"tags":[2704,3763],"class_list":["post-9385","post","type-post","status-publish","format-standard","has-post-thumbnail","hentry","category-espectaculos","category-nacionales","category-sociedad","tag-hospital-italiano","tag-murio-lanata"],"_links":{"self":[{"href":"https:\/\/impactodenoticias.com.ar\/index.php?rest_route=\/wp\/v2\/posts\/9385","targetHints":{"allow":["GET"]}}],"collection":[{"href":"https:\/\/impactodenoticias.com.ar\/index.php?rest_route=\/wp\/v2\/posts"}],"about":[{"href":"https:\/\/impactodenoticias.com.ar\/index.php?rest_route=\/wp\/v2\/types\/post"}],"author":[{"embeddable":true,"href":"https:\/\/impactodenoticias.com.ar\/index.php?rest_route=\/wp\/v2\/users\/2"}],"replies":[{"embeddable":true,"href":"https:\/\/impactodenoticias.com.ar\/index.php?rest_route=%2Fwp%2Fv2%2Fcomments&post=9385"}],"version-history":[{"count":1,"href":"https:\/\/impactodenoticias.com.ar\/index.php?rest_route=\/wp\/v2\/posts\/9385\/revisions"}],"predecessor-version":[{"id":9387,"href":"https:\/\/impactodenoticias.com.ar\/index.php?rest_route=\/wp\/v2\/posts\/9385\/revisions\/9387"}],"wp:featuredmedia":[{"embeddable":true,"href":"https:\/\/impactodenoticias.com.ar\/index.php?rest_route=\/wp\/v2\/media\/9386"}],"wp:attachment":[{"href":"https:\/\/impactodenoticias.com.ar\/index.php?rest_route=%2Fwp%2Fv2%2Fmedia&parent=9385"}],"wp:term":[{"taxonomy":"category","embeddable":true,"href":"https:\/\/impactodenoticias.com.ar\/index.php?rest_route=%2Fwp%2Fv2%2Fcategories&post=9385"},{"taxonomy":"post_tag","embeddable":true,"href":"https:\/\/impactodenoticias.com.ar\/index.php?rest_route=%2Fwp%2Fv2%2Ftags&post=9385"}],"curies":[{"name":"wp","href":"https:\/\/api.w.org\/{rel}","templated":true}]}}