{"id":9404,"date":"2024-12-30T19:00:45","date_gmt":"2024-12-30T22:00:45","guid":{"rendered":"https:\/\/impactodenoticias.com.ar\/?p=9404"},"modified":"2024-12-30T19:07:43","modified_gmt":"2024-12-30T22:07:43","slug":"arrestaron-a-un-joven-por-violencia-de-genero-y-abuso-de-armas-en-crespo","status":"publish","type":"post","link":"https:\/\/impactodenoticias.com.ar\/?p=9404","title":{"rendered":"Arrestaron a un joven por violencia de g\u00e9nero y abuso de armas en Crespo"},"content":{"rendered":"\n<h3 class=\"wp-block-heading\">Un joven de 23 a\u00f1os fue detenido en la ciudad de Crespo. Sobre \u00e9l hab\u00eda un pedido de captura por una causa caratulada como \u201cviolaci\u00f3n de domicilio, violencia de g\u00e9nero, desobediencia y abuso de armas\u201d.<\/h3>\n\n\n\n<p>El pedido de detenci\u00f3n fue ordenado por la jueza de Garant\u00edas N\u00b06 Elisa Zilli, y cumplimentado por el personal policial de Crespo.<\/p>\n\n\n\n<p>Los agentes policiales se abocaron a la b\u00fasqueda del joven, quien finalmente logr\u00f3 ser aprehendido. El violento sujeto qued\u00f3 alojado en Alcaid\u00eda de Tribunales de la ciudad de Paran\u00e1.<\/p>\n\n\n\n<p><\/p>\n\n\n\n<figure class=\"wp-block-image size-large\"><img loading=\"lazy\" decoding=\"async\" width=\"1024\" height=\"724\" src=\"https:\/\/impactodenoticias.com.ar\/wp-content\/uploads\/2024\/12\/Agregar-un-titulo-2-2-8-1024x724.png\" alt=\"\" class=\"wp-image-9407\" srcset=\"https:\/\/impactodenoticias.com.ar\/wp-content\/uploads\/2024\/12\/Agregar-un-titulo-2-2-8-1024x724.png 1024w, https:\/\/impactodenoticias.com.ar\/wp-content\/uploads\/2024\/12\/Agregar-un-titulo-2-2-8-300x212.png 300w, https:\/\/impactodenoticias.com.ar\/wp-content\/uploads\/2024\/12\/Agregar-un-titulo-2-2-8-768x543.png 768w, https:\/\/impactodenoticias.com.ar\/wp-content\/uploads\/2024\/12\/Agregar-un-titulo-2-2-8.png 1088w\" sizes=\"auto, (max-width: 1024px) 100vw, 1024px\" \/><\/figure>\n\n\n\n<p><\/p>\n\n\n\n<p><\/p>\n","protected":false},"excerpt":{"rendered":"<p>Un joven de 23 a&ntilde;os fue detenido en la ciudad de Crespo. Sobre &eacute;l hab&iacute;a un pedido de captura por una causa caratulada como &ldquo;violaci&oacute;n de domicilio, violencia de g&eacute;nero, desobediencia y abuso de armas&rdquo;. El pedido de detenci&oacute;n fue ordenado por la jueza de Garant&iacute;as N&deg;6 Elisa Zilli, y cumplimentado por el personal policial [&hellip;]<\/p>\n","protected":false},"author":2,"featured_media":9408,"comment_status":"open","ping_status":"open","sticky":false,"template":"","format":"standard","meta":{"footnotes":""},"categories":[3,8],"tags":[337,175,137,277],"class_list":["post-9404","post","type-post","status-publish","format-standard","has-post-thumbnail","hentry","category-locales","category-policiales","tag-crespo","tag-detenido","tag-joven","tag-violento"],"_links":{"self":[{"href":"https:\/\/impactodenoticias.com.ar\/index.php?rest_route=\/wp\/v2\/posts\/9404","targetHints":{"allow":["GET"]}}],"collection":[{"href":"https:\/\/impactodenoticias.com.ar\/index.php?rest_route=\/wp\/v2\/posts"}],"about":[{"href":"https:\/\/impactodenoticias.com.ar\/index.php?rest_route=\/wp\/v2\/types\/post"}],"author":[{"embeddable":true,"href":"https:\/\/impactodenoticias.com.ar\/index.php?rest_route=\/wp\/v2\/users\/2"}],"replies":[{"embeddable":true,"href":"https:\/\/impactodenoticias.com.ar\/index.php?rest_route=%2Fwp%2Fv2%2Fcomments&post=9404"}],"version-history":[{"count":2,"href":"https:\/\/impactodenoticias.com.ar\/index.php?rest_route=\/wp\/v2\/posts\/9404\/revisions"}],"predecessor-version":[{"id":9410,"href":"https:\/\/impactodenoticias.com.ar\/index.php?rest_route=\/wp\/v2\/posts\/9404\/revisions\/9410"}],"wp:featuredmedia":[{"embeddable":true,"href":"https:\/\/impactodenoticias.com.ar\/index.php?rest_route=\/wp\/v2\/media\/9408"}],"wp:attachment":[{"href":"https:\/\/impactodenoticias.com.ar\/index.php?rest_route=%2Fwp%2Fv2%2Fmedia&parent=9404"}],"wp:term":[{"taxonomy":"category","embeddable":true,"href":"https:\/\/impactodenoticias.com.ar\/index.php?rest_route=%2Fwp%2Fv2%2Fcategories&post=9404"},{"taxonomy":"post_tag","embeddable":true,"href":"https:\/\/impactodenoticias.com.ar\/index.php?rest_route=%2Fwp%2Fv2%2Ftags&post=9404"}],"curies":[{"name":"wp","href":"https:\/\/api.w.org\/{rel}","templated":true}]}}