{"id":9417,"date":"2024-12-30T19:29:49","date_gmt":"2024-12-30T22:29:49","guid":{"rendered":"https:\/\/impactodenoticias.com.ar\/?p=9417"},"modified":"2024-12-30T19:29:50","modified_gmt":"2024-12-30T22:29:50","slug":"la-municipalidad-inauguro-la-puesta-en-valor-del-emblematico-paseo-jardin-marcelino-roman-en-parana","status":"publish","type":"post","link":"https:\/\/impactodenoticias.com.ar\/?p=9417","title":{"rendered":"La Municipalidad inaugur\u00f3 la puesta en valor del emblem\u00e1tico Paseo Jard\u00edn Marcelino Rom\u00e1n en Paran\u00e1"},"content":{"rendered":"\n<h3 class=\"wp-block-heading\">La obra, que se hizo con personal y recursos del Municipio, forma parte del plan de recuperaci\u00f3n de espacios p\u00fablicos en distintos puntos de la ciudad. La intendenta Rosario Romero acompa\u00f1\u00f3 la jornada. Fue este s\u00e1bado, con m\u00fasica, gastronom\u00eda, juegos y un espacio de lectura para las infancias.<\/h3>\n\n\n\n<p>\u201cEl Paseo Jard\u00edn es un espacio ic\u00f3nico de la ciudad que ven\u00eda abandonado desde hac\u00eda muchos a\u00f1os. Es un lugar muy lindo al cual tra\u00eda a mis hijos cuando eran chicos y me alegra mucho que el equipo de gesti\u00f3n en poco tiempo lo haya recuperado, con la colaboraci\u00f3n de los vecinos\u201d, expres\u00f3 Romero.<\/p>\n\n\n\n<p><\/p>\n\n\n\n<figure class=\"wp-block-image size-large\"><img loading=\"lazy\" decoding=\"async\" width=\"1024\" height=\"682\" src=\"https:\/\/impactodenoticias.com.ar\/wp-content\/uploads\/2024\/12\/1735481009_fab690184b88b65572da-1-1024x682.jpg\" alt=\"\" class=\"wp-image-9419\" srcset=\"https:\/\/impactodenoticias.com.ar\/wp-content\/uploads\/2024\/12\/1735481009_fab690184b88b65572da-1-1024x682.jpg 1024w, https:\/\/impactodenoticias.com.ar\/wp-content\/uploads\/2024\/12\/1735481009_fab690184b88b65572da-1-300x200.jpg 300w, https:\/\/impactodenoticias.com.ar\/wp-content\/uploads\/2024\/12\/1735481009_fab690184b88b65572da-1-768x512.jpg 768w, https:\/\/impactodenoticias.com.ar\/wp-content\/uploads\/2024\/12\/1735481009_fab690184b88b65572da-1.jpg 1280w\" sizes=\"auto, (max-width: 1024px) 100vw, 1024px\" \/><\/figure>\n\n\n\n<p><\/p>\n\n\n\n<p>El viceintendente David C\u00e1ceres felicit\u00f3 a la comisi\u00f3n vecinal. \u201cGracias a su trabajo y perseverancia hemos ido recuperando espacios verdes en esta zona. Quiero destacar tambi\u00e9n a los trabajadores municipales, porque esto se hizo con mano de obra y recursos propios. Era un lugar descuidado e inseguro y hoy vuelve a brillar con todo su esplendor\u201d, afirm\u00f3.<\/p>\n\n\n\n<p><\/p>\n\n\n\n<figure class=\"wp-block-image size-large\"><img loading=\"lazy\" decoding=\"async\" width=\"1024\" height=\"682\" src=\"https:\/\/impactodenoticias.com.ar\/wp-content\/uploads\/2024\/12\/1735480996_9ba5804d729865951d0a-1024x682.jpg\" alt=\"\" class=\"wp-image-9420\" srcset=\"https:\/\/impactodenoticias.com.ar\/wp-content\/uploads\/2024\/12\/1735480996_9ba5804d729865951d0a-1024x682.jpg 1024w, https:\/\/impactodenoticias.com.ar\/wp-content\/uploads\/2024\/12\/1735480996_9ba5804d729865951d0a-300x200.jpg 300w, https:\/\/impactodenoticias.com.ar\/wp-content\/uploads\/2024\/12\/1735480996_9ba5804d729865951d0a-768x512.jpg 768w, https:\/\/impactodenoticias.com.ar\/wp-content\/uploads\/2024\/12\/1735480996_9ba5804d729865951d0a.jpg 1280w\" sizes=\"auto, (max-width: 1024px) 100vw, 1024px\" \/><\/figure>\n\n\n\n<p><\/p>\n\n\n\n<p>El secretario de Gobierno y Coordinador de Gabinete, Santiago Halle, agradeci\u00f3 a la firma Visi\u00f3n Motors que don\u00f3 sillas y mesas para el nuevo sector de lectura del espacio y a Gede\u00f3n libros. \u201cValoramos el esfuerzo del sector privado que auspicia este nuevo espacio al aire libre, que acompa\u00f1an al Gobierno municipal y que ven a la ciudad con ganas de recuperar estos espacios p\u00fablicos\u201d, finaliz\u00f3.<\/p>\n\n\n\n<p>\u201cFue un proyecto que trabajamos en equipo. Ac\u00e1 hay cien por ciento de mano de obra municipal. Se hizo un buen trabajo de herrer\u00eda y carpinter\u00eda, y un cerramiento importante que brindar\u00e1 seguridad\u201d, destac\u00f3 el secretario de Servicios P\u00fablicos, Juli\u00e1n Hirschfeld.<\/p>\n\n\n\n<p><\/p>\n\n\n\n<figure class=\"wp-block-embed is-type-video is-provider-youtube wp-block-embed-youtube wp-embed-aspect-16-9 wp-has-aspect-ratio\"><div class=\"wp-block-embed__wrapper\">\n<iframe loading=\"lazy\" title=\"La Municipalidad inaugur\u00f3 la puesta en valor del emblem\u00e1tico Paseo Jard\u00edn Marcelino Rom\u00e1n\" width=\"640\" height=\"360\" src=\"https:\/\/www.youtube.com\/embed\/N53bYNV47ow?feature=oembed\" frameborder=\"0\" allow=\"accelerometer; autoplay; clipboard-write; encrypted-media; gyroscope; picture-in-picture; web-share\" referrerpolicy=\"strict-origin-when-cross-origin\" allowfullscreen><\/iframe>\n<\/div><\/figure>\n\n\n\n<p><\/p>\n\n\n\n<p><strong>Los vecinos, agradecidos<\/strong><\/p>\n\n\n\n<p>Marta Rodr\u00edguez, presidenta de la vecinal San Jos\u00e9 &#8211; Puerto Nuevo, se mostr\u00f3 emocionada por la recuperaci\u00f3n de este espacio tan significativo para los vecinos de la zona. \u201cEstamos muy contentos todos los vecinos con este trabajo y comprometidos con el Municipio en cuidarlo y darle vida\u201d, se\u00f1al\u00f3.<\/p>\n\n\n\n<p>Hortensia Gonzales, vecina de la zona desde hace 51 a\u00f1os, destac\u00f3 la renovaci\u00f3n del espacio. \u201cDurante muchos a\u00f1os estuvo muy olvidado. La verdad que es un cambio importante y realmente se lo puso en valor\u201d, concluy\u00f3.<\/p>\n\n\n\n<p>Durante la jornada el p\u00fablico disfrut\u00f3 de la m\u00fasica de Costa a Costa, la exposici\u00f3n art\u00edstica de Francisco Castro denominada \u201cBandada\u201d, intervenciones, lecturas y patio gastron\u00f3mico.<\/p>\n\n\n\n<p><strong>Detalles de los trabajos realizados<\/strong><\/p>\n\n\n\n<p>-Levantamiento de muros de contenci\u00f3n y su posterior pintado.<\/p>\n\n\n\n<p>-Colocaci\u00f3n de cercos perimetrales, reforzando la seguridad del lugar.<\/p>\n\n\n\n<p>-Instalaci\u00f3n de juegos nuevos para los ni\u00f1os, promoviendo un espacio de recreaci\u00f3n moderno y seguro.<\/p>\n\n\n\n<p>-Renovaci\u00f3n completa de luminarias, garantizando una mejor iluminaci\u00f3n con tecnolog\u00eda LED.<\/p>\n\n\n\n<p>-Escaleras renovadas para facilitar el acceso y la circulaci\u00f3n.<\/p>\n\n\n\n<p>-Pintura general del predio que aporta frescura y vitalidad al espacio.<\/p>\n\n\n\n<p>-Carteler\u00eda nueva, mejorando la orientaci\u00f3n y est\u00e9tica del paseo.<\/p>\n\n\n\n<p><strong>Informaci\u00f3n<\/strong><\/p>\n\n\n\n<p>El Paseo Jard\u00edn Marcelino Rom\u00e1n est\u00e1 ubicado en las calles De la Torre y Vera y Bulevar Mariano Moreno. Lleva el nombre de uno de los grandes poetas de Paran\u00e1 desde 1987, seis a\u00f1os despu\u00e9s de su fallecimiento. Un homenaje que conecta con la identidad cultural local y donde los senderos, los puentes y la frondosa vegetaci\u00f3n invitan a redescubrir la magia de la naturaleza en pleno coraz\u00f3n de la ciudad.<\/p>\n","protected":false},"excerpt":{"rendered":"<p>La obra, que se hizo con personal y recursos del Municipio, forma parte del plan de recuperaci&oacute;n de espacios p&uacute;blicos en distintos puntos de la ciudad. La intendenta Rosario Romero acompa&ntilde;&oacute; la jornada. Fue este s&aacute;bado, con m&uacute;sica, gastronom&iacute;a, juegos y un espacio de lectura para las infancias. &ldquo;El Paseo Jard&iacute;n es un espacio ic&oacute;nico [&hellip;]<\/p>\n","protected":false},"author":2,"featured_media":9421,"comment_status":"open","ping_status":"open","sticky":false,"template":"","format":"standard","meta":{"footnotes":""},"categories":[3,1902],"tags":[916,2366,1084,102,95,3785,3784,161,704,2141],"class_list":["post-9417","post","type-post","status-publish","format-standard","has-post-thumbnail","hentry","category-locales","category-municipales","tag-david-caceres-2","tag-inauguracion","tag-julian-hirschfeld-2","tag-municipalidad","tag-parana","tag-paseo-jardin-marcelino-roman","tag-puesta","tag-rosario-romero","tag-santiago-halle","tag-valor"],"_links":{"self":[{"href":"https:\/\/impactodenoticias.com.ar\/index.php?rest_route=\/wp\/v2\/posts\/9417","targetHints":{"allow":["GET"]}}],"collection":[{"href":"https:\/\/impactodenoticias.com.ar\/index.php?rest_route=\/wp\/v2\/posts"}],"about":[{"href":"https:\/\/impactodenoticias.com.ar\/index.php?rest_route=\/wp\/v2\/types\/post"}],"author":[{"embeddable":true,"href":"https:\/\/impactodenoticias.com.ar\/index.php?rest_route=\/wp\/v2\/users\/2"}],"replies":[{"embeddable":true,"href":"https:\/\/impactodenoticias.com.ar\/index.php?rest_route=%2Fwp%2Fv2%2Fcomments&post=9417"}],"version-history":[{"count":1,"href":"https:\/\/impactodenoticias.com.ar\/index.php?rest_route=\/wp\/v2\/posts\/9417\/revisions"}],"predecessor-version":[{"id":9422,"href":"https:\/\/impactodenoticias.com.ar\/index.php?rest_route=\/wp\/v2\/posts\/9417\/revisions\/9422"}],"wp:featuredmedia":[{"embeddable":true,"href":"https:\/\/impactodenoticias.com.ar\/index.php?rest_route=\/wp\/v2\/media\/9421"}],"wp:attachment":[{"href":"https:\/\/impactodenoticias.com.ar\/index.php?rest_route=%2Fwp%2Fv2%2Fmedia&parent=9417"}],"wp:term":[{"taxonomy":"category","embeddable":true,"href":"https:\/\/impactodenoticias.com.ar\/index.php?rest_route=%2Fwp%2Fv2%2Fcategories&post=9417"},{"taxonomy":"post_tag","embeddable":true,"href":"https:\/\/impactodenoticias.com.ar\/index.php?rest_route=%2Fwp%2Fv2%2Ftags&post=9417"}],"curies":[{"name":"wp","href":"https:\/\/api.w.org\/{rel}","templated":true}]}}