{"id":9427,"date":"2024-12-31T08:47:34","date_gmt":"2024-12-31T11:47:34","guid":{"rendered":"https:\/\/impactodenoticias.com.ar\/?p=9427"},"modified":"2024-12-31T08:47:35","modified_gmt":"2024-12-31T11:47:35","slug":"ultimo-dia-del-ano-2024-se-pronostica-un-jornada-sofocante-en-entre-rios","status":"publish","type":"post","link":"https:\/\/impactodenoticias.com.ar\/?p=9427","title":{"rendered":"\u00daltimo d\u00eda del a\u00f1o 2024: se pronostica un jornada sofocante en Entre R\u00edos"},"content":{"rendered":"\n<p class=\"has-medium-font-size\"><strong>El Servicio Meteorol\u00f3gico Nacional (SMN), anuncian calor para el \u00faltimo d\u00eda del a\u00f1o en Entre R\u00edos. Luego se espera la llegada de las tormentas.<\/strong><\/p>\n\n\n\n<p>El organismo nacional pronostica un d\u00eda de intenso calor para el inicio de A\u00f1o Nuevo. Seg\u00fan informa el organismo nacional, para la noche del 31 de diciembre se esperan temperaturas elevadas y, para el 1 de enero, pronostican tormentas que llegar\u00e1n en horas de la tarde.<\/p>\n\n\n\n<p>Las temperaturas m\u00e1ximas ser\u00e1 de 32\u00b0 y 33\u00b0 para todo el territorio provincial durante este martes, \u00faltimo d\u00eda del a\u00f1o 2024. Las precipitaciones, llegar\u00e1n junto a la arribo del primer d\u00eda de 2025, no se espera que las inestabilidades sean de intensidad.<\/p>\n\n\n\n<p><strong>Clima en Entre R\u00edos para la jornada de 31 de enero 2025<\/strong><\/p>\n\n\n\n<p><\/p>\n\n\n\n<figure class=\"wp-block-image size-full\"><img loading=\"lazy\" decoding=\"async\" width=\"637\" height=\"264\" src=\"https:\/\/impactodenoticias.com.ar\/wp-content\/uploads\/2024\/12\/scrnli_7D1W64OU2EDx7S.png\" alt=\"\" class=\"wp-image-9428\" srcset=\"https:\/\/impactodenoticias.com.ar\/wp-content\/uploads\/2024\/12\/scrnli_7D1W64OU2EDx7S.png 637w, https:\/\/impactodenoticias.com.ar\/wp-content\/uploads\/2024\/12\/scrnli_7D1W64OU2EDx7S-300x124.png 300w\" sizes=\"auto, (max-width: 637px) 100vw, 637px\" \/><\/figure>\n\n\n\n<p><\/p>\n\n\n\n<p>En Paran\u00e1 se pronostica una m\u00ednima de 24 grados y una m\u00e1xima de 33 grados. En la ciudad capital de la provincia y zonas aleda\u00f1as y se espera cielo algo nublado y sin registro de lluvias.<\/p>\n\n\n\n<p><\/p>\n\n\n\n<figure class=\"wp-block-image size-full\"><img loading=\"lazy\" decoding=\"async\" width=\"636\" height=\"264\" src=\"https:\/\/impactodenoticias.com.ar\/wp-content\/uploads\/2024\/12\/scrnli_Ykiw05d7BeEhE3.png\" alt=\"\" class=\"wp-image-9429\" srcset=\"https:\/\/impactodenoticias.com.ar\/wp-content\/uploads\/2024\/12\/scrnli_Ykiw05d7BeEhE3.png 636w, https:\/\/impactodenoticias.com.ar\/wp-content\/uploads\/2024\/12\/scrnli_Ykiw05d7BeEhE3-300x125.png 300w\" sizes=\"auto, (max-width: 636px) 100vw, 636px\" \/><\/figure>\n\n\n\n<p><\/p>\n\n\n\n<p>Mientras que en Concordia, se anuncian condiciones similares. Con las temperaturas oscilando entre los 24 y los 33 grados, no se aguardan inestabilidades.<\/p>\n\n\n\n<p><\/p>\n\n\n\n<figure class=\"wp-block-image size-full\"><img loading=\"lazy\" decoding=\"async\" width=\"636\" height=\"266\" src=\"https:\/\/impactodenoticias.com.ar\/wp-content\/uploads\/2024\/12\/scrnli_6LpD0UyUgeF4cA.png\" alt=\"\" class=\"wp-image-9430\" srcset=\"https:\/\/impactodenoticias.com.ar\/wp-content\/uploads\/2024\/12\/scrnli_6LpD0UyUgeF4cA.png 636w, https:\/\/impactodenoticias.com.ar\/wp-content\/uploads\/2024\/12\/scrnli_6LpD0UyUgeF4cA-300x125.png 300w\" sizes=\"auto, (max-width: 636px) 100vw, 636px\" \/><\/figure>\n\n\n\n<p><\/p>\n\n\n\n<p>En Gualeguaych\u00fa, se espera una jornada calurosa, con m\u00e1xima de 32 grados. No se aguarda la llegada de precipitaciones para esta jornada de martes.<\/p>\n","protected":false},"excerpt":{"rendered":"<p>El Servicio Meteorol&oacute;gico Nacional (SMN), anuncian calor para el &uacute;ltimo d&iacute;a del a&ntilde;o en Entre R&iacute;os. Luego se espera la llegada de las tormentas. El organismo nacional pronostica un d&iacute;a de intenso calor para el inicio de A&ntilde;o Nuevo. Seg&uacute;n informa el organismo nacional, para la noche del 31 de diciembre se esperan temperaturas elevadas [&hellip;]<\/p>\n","protected":false},"author":2,"featured_media":9431,"comment_status":"open","ping_status":"open","sticky":false,"template":"","format":"standard","meta":{"footnotes":""},"categories":[4,49],"tags":[38,33],"class_list":["post-9427","post","type-post","status-publish","format-standard","has-post-thumbnail","hentry","category-provinciales","category-sociedad","tag-clima","tag-entre-rios"],"_links":{"self":[{"href":"https:\/\/impactodenoticias.com.ar\/index.php?rest_route=\/wp\/v2\/posts\/9427","targetHints":{"allow":["GET"]}}],"collection":[{"href":"https:\/\/impactodenoticias.com.ar\/index.php?rest_route=\/wp\/v2\/posts"}],"about":[{"href":"https:\/\/impactodenoticias.com.ar\/index.php?rest_route=\/wp\/v2\/types\/post"}],"author":[{"embeddable":true,"href":"https:\/\/impactodenoticias.com.ar\/index.php?rest_route=\/wp\/v2\/users\/2"}],"replies":[{"embeddable":true,"href":"https:\/\/impactodenoticias.com.ar\/index.php?rest_route=%2Fwp%2Fv2%2Fcomments&post=9427"}],"version-history":[{"count":1,"href":"https:\/\/impactodenoticias.com.ar\/index.php?rest_route=\/wp\/v2\/posts\/9427\/revisions"}],"predecessor-version":[{"id":9432,"href":"https:\/\/impactodenoticias.com.ar\/index.php?rest_route=\/wp\/v2\/posts\/9427\/revisions\/9432"}],"wp:featuredmedia":[{"embeddable":true,"href":"https:\/\/impactodenoticias.com.ar\/index.php?rest_route=\/wp\/v2\/media\/9431"}],"wp:attachment":[{"href":"https:\/\/impactodenoticias.com.ar\/index.php?rest_route=%2Fwp%2Fv2%2Fmedia&parent=9427"}],"wp:term":[{"taxonomy":"category","embeddable":true,"href":"https:\/\/impactodenoticias.com.ar\/index.php?rest_route=%2Fwp%2Fv2%2Fcategories&post=9427"},{"taxonomy":"post_tag","embeddable":true,"href":"https:\/\/impactodenoticias.com.ar\/index.php?rest_route=%2Fwp%2Fv2%2Ftags&post=9427"}],"curies":[{"name":"wp","href":"https:\/\/api.w.org\/{rel}","templated":true}]}}