{"id":9436,"date":"2024-12-31T09:06:25","date_gmt":"2024-12-31T12:06:25","guid":{"rendered":"https:\/\/impactodenoticias.com.ar\/?p=9436"},"modified":"2024-12-31T09:06:25","modified_gmt":"2024-12-31T12:06:25","slug":"parana-impactante-enfrentamiento-armado-en-el-interior-de-la-villa-351","status":"publish","type":"post","link":"https:\/\/impactodenoticias.com.ar\/?p=9436","title":{"rendered":"Paran\u00e1: impactante enfrentamiento armado en el interior de la Villa 351"},"content":{"rendered":"\n<p class=\"has-medium-font-size\"><strong>Dos personas fueron identificadas por la Polic\u00eda cuando sal\u00edan del interior del barrio. Si bien no se reportaron heridos, se dispararon m\u00e1s de una docena de balazos calibre 9 mil\u00edmetros.<\/strong><\/p>\n\n\n\n<p>Los vecinos escucharon al menos una docena de detonaciones de arma de fuego que proven\u00edan del interior de la Villa 351 de la ciudad de Paran\u00e1. La Polic\u00eda se hizo presente en el lugar y, tras las primeras consultas, detuvo a dos personas que escapaban del lugar. Adem\u00e1s se arrest\u00f3 a otra que estaba en el barrio.<\/p>\n\n\n\n<p>Seg\u00fan se inform\u00f3 a <strong>IMPACTO DE NOTICIAS<\/strong>, el hecho ocurri\u00f3 en horas de la tarde de este lunes en inmediaciones de uno de los accesos al barrio por calle El Paracao.<\/p>\n\n\n\n<p><\/p>\n\n\n\n<figure class=\"wp-block-image size-full\"><img loading=\"lazy\" decoding=\"async\" width=\"696\" height=\"696\" src=\"https:\/\/impactodenoticias.com.ar\/wp-content\/uploads\/2024\/12\/Detenidos-Villa-351.webp\" alt=\"\" class=\"wp-image-9439\" srcset=\"https:\/\/impactodenoticias.com.ar\/wp-content\/uploads\/2024\/12\/Detenidos-Villa-351.webp 696w, https:\/\/impactodenoticias.com.ar\/wp-content\/uploads\/2024\/12\/Detenidos-Villa-351-300x300.webp 300w, https:\/\/impactodenoticias.com.ar\/wp-content\/uploads\/2024\/12\/Detenidos-Villa-351-150x150.webp 150w\" sizes=\"auto, (max-width: 696px) 100vw, 696px\" \/><\/figure>\n\n\n\n<p><\/p>\n\n\n\n<p>Seg\u00fan se supo, dos familias antag\u00f3nicas con problemas de vieja data se enfrentaron a balazos, poniendo en riesgo su vida y la de otras familias que solicitaron la inmediata intervenci\u00f3n de la Polic\u00eda.<\/p>\n\n\n\n<p><\/p>\n\n\n\n<figure class=\"wp-block-image size-full\"><img loading=\"lazy\" decoding=\"async\" width=\"696\" height=\"447\" src=\"https:\/\/impactodenoticias.com.ar\/wp-content\/uploads\/2024\/12\/Balas-9mm.webp\" alt=\"\" class=\"wp-image-9437\" srcset=\"https:\/\/impactodenoticias.com.ar\/wp-content\/uploads\/2024\/12\/Balas-9mm.webp 696w, https:\/\/impactodenoticias.com.ar\/wp-content\/uploads\/2024\/12\/Balas-9mm-300x193.webp 300w\" sizes=\"auto, (max-width: 696px) 100vw, 696px\" \/><\/figure>\n\n\n\n<p><\/p>\n\n\n\n<p>Personal policial de Comisar\u00eda Sexta localiz\u00f3 en el lugar 13 vainas servidas calibre 9 mil\u00edmetros.<\/p>\n\n\n\n<p><\/p>\n\n\n\n<figure class=\"wp-block-image size-full\"><img loading=\"lazy\" decoding=\"async\" width=\"696\" height=\"567\" src=\"https:\/\/impactodenoticias.com.ar\/wp-content\/uploads\/2024\/12\/Moto-Villa-351.webp\" alt=\"\" class=\"wp-image-9438\" srcset=\"https:\/\/impactodenoticias.com.ar\/wp-content\/uploads\/2024\/12\/Moto-Villa-351.webp 696w, https:\/\/impactodenoticias.com.ar\/wp-content\/uploads\/2024\/12\/Moto-Villa-351-300x244.webp 300w\" sizes=\"auto, (max-width: 696px) 100vw, 696px\" \/><\/figure>\n\n\n\n<p><\/p>\n\n\n\n<p>Los funcionarios policiales pudieron identificar r\u00e1pidamente, gracias al aporte de testigos, a un hombre de 40 a\u00f1os sindicado como posible autor de los disparos. Se secuestr\u00f3 adem\u00e1s una moto marca Motomel, modelo Serie III, que sal\u00eda del interior de la Villa por calle El Paracao con un hombre y una mujer a bordo.<\/p>\n\n\n\n<p>Ambos fueron demorados en la intersecci\u00f3n de avenida Ej\u00e9rcito y Gal\u00e1n, ya que estar\u00edan involucrados en la reyerta.<\/p>\n\n\n\n<p>El Fiscal de Investigaci\u00f3n y Litigio en turno, Juan Manuel Pereyra, dispuso que se realice al hombre el dermotest y se comisione al gabinete de Criminal\u00edstica y se inicien actuaciones por abuso de armas.<\/p>\n\n\n\n<p>Por el momento se desconocen los motivos del tiroteo, pero se cree que estar\u00eda vinculado a negocios il\u00edcitos que llevan adelante las familias involucradas en la feroz pelea.<\/p>\n","protected":false},"excerpt":{"rendered":"<p>Dos personas fueron identificadas por la Polic&iacute;a cuando sal&iacute;an del interior del barrio. Si bien no se reportaron heridos, se dispararon m&aacute;s de una docena de balazos calibre 9 mil&iacute;metros. Los vecinos escucharon al menos una docena de detonaciones de arma de fuego que proven&iacute;an del interior de la Villa 351 de la ciudad de [&hellip;]<\/p>\n","protected":false},"author":2,"featured_media":9440,"comment_status":"open","ping_status":"open","sticky":false,"template":"","format":"standard","meta":{"footnotes":""},"categories":[3,8],"tags":[1833,138,95,429,2084],"class_list":["post-9436","post","type-post","status-publish","format-standard","has-post-thumbnail","hentry","category-locales","category-policiales","tag-balazos","tag-detenidos","tag-parana","tag-pelea","tag-villa-351"],"_links":{"self":[{"href":"https:\/\/impactodenoticias.com.ar\/index.php?rest_route=\/wp\/v2\/posts\/9436","targetHints":{"allow":["GET"]}}],"collection":[{"href":"https:\/\/impactodenoticias.com.ar\/index.php?rest_route=\/wp\/v2\/posts"}],"about":[{"href":"https:\/\/impactodenoticias.com.ar\/index.php?rest_route=\/wp\/v2\/types\/post"}],"author":[{"embeddable":true,"href":"https:\/\/impactodenoticias.com.ar\/index.php?rest_route=\/wp\/v2\/users\/2"}],"replies":[{"embeddable":true,"href":"https:\/\/impactodenoticias.com.ar\/index.php?rest_route=%2Fwp%2Fv2%2Fcomments&post=9436"}],"version-history":[{"count":1,"href":"https:\/\/impactodenoticias.com.ar\/index.php?rest_route=\/wp\/v2\/posts\/9436\/revisions"}],"predecessor-version":[{"id":9441,"href":"https:\/\/impactodenoticias.com.ar\/index.php?rest_route=\/wp\/v2\/posts\/9436\/revisions\/9441"}],"wp:featuredmedia":[{"embeddable":true,"href":"https:\/\/impactodenoticias.com.ar\/index.php?rest_route=\/wp\/v2\/media\/9440"}],"wp:attachment":[{"href":"https:\/\/impactodenoticias.com.ar\/index.php?rest_route=%2Fwp%2Fv2%2Fmedia&parent=9436"}],"wp:term":[{"taxonomy":"category","embeddable":true,"href":"https:\/\/impactodenoticias.com.ar\/index.php?rest_route=%2Fwp%2Fv2%2Fcategories&post=9436"},{"taxonomy":"post_tag","embeddable":true,"href":"https:\/\/impactodenoticias.com.ar\/index.php?rest_route=%2Fwp%2Fv2%2Ftags&post=9436"}],"curies":[{"name":"wp","href":"https:\/\/api.w.org\/{rel}","templated":true}]}}