{"id":9459,"date":"2024-12-31T10:14:31","date_gmt":"2024-12-31T13:14:31","guid":{"rendered":"https:\/\/impactodenoticias.com.ar\/?p=9459"},"modified":"2024-12-31T10:14:31","modified_gmt":"2024-12-31T13:14:31","slug":"la-universidad-de-concepcion-del-uruguay-recordo-la-figura-de-jorge-lanata","status":"publish","type":"post","link":"https:\/\/impactodenoticias.com.ar\/?p=9459","title":{"rendered":"La Universidad de Concepci\u00f3n del Uruguay record\u00f3 la figura de Jorge Lanata"},"content":{"rendered":"\n<p class=\"has-medium-font-size\"><strong>La Universidad de Concepci\u00f3n del Uruguay consider\u00f3 a Jorgre Lanata como \u201cun referente del periodismo argentino que dej\u00f3 una huella imborrable en la historia de nuestra comunicaci\u00f3n\u201d. Ponder\u00f3 \u201csu valent\u00eda, compromiso y pasi\u00f3n por la verdad lo convirtieron en un \u00edcono de la profesi\u00f3n, inspirando a generaciones de periodistas y locutores\u201d.<\/strong><\/p>\n\n\n\n<p>La Universidad de Concepci\u00f3n del Uruguay (UCU) se uni\u00f3 al duelo por la muerte del periodista Jorge Lanata. En un comunicado expresaron que \u201cdesde la carrera de Periodismo y Locuci\u00f3n, queremos rendir homenaje a su legado y reconocer su incansable labor en la defensa de la libertad de expresi\u00f3n y el derecho a la informaci\u00f3n. En el acto de apertura del Curso de Ingreso 2025, que se llevar\u00e1 a cabo el pr\u00f3ximo 4 de febrero, la carrera rendir\u00e1 tributo de reconocimiento a su memoria con una clase alusiva\u201d.<\/p>\n\n\n\n<p>Adem\u00e1s manifestaron que \u201cen este dif\u00edcil momento, expresamos nuestras m\u00e1s sinceras condolencias a su familia, amigos y colegas\u201d. El rector de la UCU, H\u00e9ctor Sauret, se\u00f1al\u00f3: \u00abCon verdadero pesar ciudadano expresamos nuestro pesar por la muerte de Jorge Lanata.<\/p>\n\n\n\n<p>Hombre valiente que ejerci\u00f3 la libertad de pensar y de informar elevando el debate democr\u00e1tico y republicano de nuestro pa\u00eds. Participaremos de la clase de tributo que nuestra carrera le brindar\u00e1 al retomar a clases en febrero\u00bb, apunt\u00f3.<\/p>\n\n\n\n<p>Desde la Casa de Altos Estudios se record\u00f3 que Lanata estuvo en la UCU por el primer aniversario de la Asociaci\u00f3n de Periodistas del Departamento Uruguay. Fue el s\u00e1bado 3 de octubre de 2009 cuando el periodista visit\u00f3 la Universidad de Concepci\u00f3n del Uruguay, donde brind\u00f3 una charla en el marco del primer aniversario de la Asociaci\u00f3n de Periodistas del Departamento Uruguay.<\/p>\n\n\n\n<p>La reuni\u00f3n comenz\u00f3 con la proyecci\u00f3n de un video que relat\u00f3 el proceso de creaci\u00f3n del diario Cr\u00edtica de la Argentina, \u00faltimo medio creado por Jorge Lanata. Luego durante casi dos horas, se llev\u00f3 adelante un debate acerca de temas de estricta relaci\u00f3n con la profesi\u00f3n period\u00edstica, as\u00ed como tambi\u00e9n de actualidad nacional e internacional.<\/p>\n\n\n\n<p>Lanata se hab\u00eda referido adem\u00e1s a cuestiones personales, relacionadas sobre todo con los diferentes cambios que ha tenido el ejercicio de su profesi\u00f3n. La actividad culmin\u00f3 con la entrega de presentes por parte de la Asociaci\u00f3n de Periodistas, qui\u00e9n design\u00f3 a Lanata su padrino y lo nombr\u00f3 socio honorario.<\/p>\n","protected":false},"excerpt":{"rendered":"<p>La Universidad de Concepci&oacute;n del Uruguay consider&oacute; a Jorgre Lanata como &ldquo;un referente del periodismo argentino que dej&oacute; una huella imborrable en la historia de nuestra comunicaci&oacute;n&rdquo;. Ponder&oacute; &ldquo;su valent&iacute;a, compromiso y pasi&oacute;n por la verdad lo convirtieron en un &iacute;cono de la profesi&oacute;n, inspirando a generaciones de periodistas y locutores&rdquo;. La Universidad de Concepci&oacute;n [&hellip;]<\/p>\n","protected":false},"author":2,"featured_media":9460,"comment_status":"open","ping_status":"open","sticky":false,"template":"","format":"standard","meta":{"footnotes":""},"categories":[4,49],"tags":[324,3796,3797,3795,3794],"class_list":["post-9459","post","type-post","status-publish","format-standard","has-post-thumbnail","hentry","category-provinciales","category-sociedad","tag-concepcion-del-uruguay","tag-figura","tag-jorge-lanata","tag-recordaron","tag-universidad"],"_links":{"self":[{"href":"https:\/\/impactodenoticias.com.ar\/index.php?rest_route=\/wp\/v2\/posts\/9459","targetHints":{"allow":["GET"]}}],"collection":[{"href":"https:\/\/impactodenoticias.com.ar\/index.php?rest_route=\/wp\/v2\/posts"}],"about":[{"href":"https:\/\/impactodenoticias.com.ar\/index.php?rest_route=\/wp\/v2\/types\/post"}],"author":[{"embeddable":true,"href":"https:\/\/impactodenoticias.com.ar\/index.php?rest_route=\/wp\/v2\/users\/2"}],"replies":[{"embeddable":true,"href":"https:\/\/impactodenoticias.com.ar\/index.php?rest_route=%2Fwp%2Fv2%2Fcomments&post=9459"}],"version-history":[{"count":1,"href":"https:\/\/impactodenoticias.com.ar\/index.php?rest_route=\/wp\/v2\/posts\/9459\/revisions"}],"predecessor-version":[{"id":9461,"href":"https:\/\/impactodenoticias.com.ar\/index.php?rest_route=\/wp\/v2\/posts\/9459\/revisions\/9461"}],"wp:featuredmedia":[{"embeddable":true,"href":"https:\/\/impactodenoticias.com.ar\/index.php?rest_route=\/wp\/v2\/media\/9460"}],"wp:attachment":[{"href":"https:\/\/impactodenoticias.com.ar\/index.php?rest_route=%2Fwp%2Fv2%2Fmedia&parent=9459"}],"wp:term":[{"taxonomy":"category","embeddable":true,"href":"https:\/\/impactodenoticias.com.ar\/index.php?rest_route=%2Fwp%2Fv2%2Fcategories&post=9459"},{"taxonomy":"post_tag","embeddable":true,"href":"https:\/\/impactodenoticias.com.ar\/index.php?rest_route=%2Fwp%2Fv2%2Ftags&post=9459"}],"curies":[{"name":"wp","href":"https:\/\/api.w.org\/{rel}","templated":true}]}}