{"id":9476,"date":"2025-01-01T10:48:27","date_gmt":"2025-01-01T13:48:27","guid":{"rendered":"https:\/\/impactodenoticias.com.ar\/?p=9476"},"modified":"2025-01-02T09:51:14","modified_gmt":"2025-01-02T12:51:14","slug":"buscan-intensamente-a-un-hombre-que-desaparecio-en-parana-y-crece-la-hipotesis-que-haya-caido-al-rio","status":"publish","type":"post","link":"https:\/\/impactodenoticias.com.ar\/?p=9476","title":{"rendered":"Buscan intensamente a un hombre que desapareci\u00f3 en Paran\u00e1 y crece la hip\u00f3tesis que haya ca\u00eddo al r\u00edo"},"content":{"rendered":"\n<p class=\"has-medium-font-size\"><strong>Desde la Unidad Fiscal de Ni\u00f1os, Ni\u00f1as y Adolescentes de Paran\u00e1 se solicita colaboraci\u00f3n de la ciudadan\u00eda para dar con el paradero de Maximiliano Alberto Montenegro, de 35 a\u00f1os, quien fue visto por \u00faltima vez en la Plaza S\u00e1enz Pe\u00f1a este martes.<\/strong><\/p>\n\n\n\n<p>Familiares \u00absospechan y temen que haya ca\u00eddo al R\u00edo Paran\u00e1, en la zona de muelles de la Costanera\u00bb.<\/p>\n\n\n\n<p><\/p>\n\n\n\n<figure class=\"wp-block-image size-large\"><img loading=\"lazy\" decoding=\"async\" width=\"1024\" height=\"683\" src=\"https:\/\/impactodenoticias.com.ar\/wp-content\/uploads\/2025\/01\/l_1735737140_54151-1024x683.webp\" alt=\"\" class=\"wp-image-9477\" srcset=\"https:\/\/impactodenoticias.com.ar\/wp-content\/uploads\/2025\/01\/l_1735737140_54151-1024x683.webp 1024w, https:\/\/impactodenoticias.com.ar\/wp-content\/uploads\/2025\/01\/l_1735737140_54151-300x200.webp 300w, https:\/\/impactodenoticias.com.ar\/wp-content\/uploads\/2025\/01\/l_1735737140_54151-768x512.webp 768w, https:\/\/impactodenoticias.com.ar\/wp-content\/uploads\/2025\/01\/l_1735737140_54151.webp 1200w\" sizes=\"auto, (max-width: 1024px) 100vw, 1024px\" \/><\/figure>\n\n\n\n<p><\/p>\n\n\n\n<p>Seg\u00fan se\u00f1alaron desde la Justicia, \u00abes alto, mide aproximadamente 1,80 mts., es robusto, de cabello casta\u00f1o claro y ojos marrones claro. No posee tatuajes y tiene en ambas orejas perforaciones cicatrizadas por haber tenido expansores colocados. Tiene adem\u00e1s una cicatriz de corte en el labio superior y otra cicatriz en el ment\u00f3n\u00bb.<\/p>\n\n\n\n<p>Vest\u00eda al momento de desaparecer, \u00abuna remera mangas cortas negra, con un dibujo blanco en el centro, una bermuda negra lisa marca Sonder o Winkel y ojotas a rayas\u00bb<\/p>\n\n\n\n<p>Cualquier informaci\u00f3n sobre su paradero puede suministrarse al 911, a la Mesa de Informaci\u00f3n Permanente del Poder Judicial (0800 4446372) o comunic\u00e1ndose a la Comisaria Octava (N\u00b04206214).<\/p>\n","protected":false},"excerpt":{"rendered":"<p>Desde la Unidad Fiscal de Ni&ntilde;os, Ni&ntilde;as y Adolescentes de Paran&aacute; se solicita colaboraci&oacute;n de la ciudadan&iacute;a para dar con el paradero de Maximiliano Alberto Montenegro, de 35 a&ntilde;os, quien fue visto por &uacute;ltima vez en la Plaza S&aacute;enz Pe&ntilde;a este martes. Familiares &laquo;sospechan y temen que haya ca&iacute;do al R&iacute;o Paran&aacute;, en la zona [&hellip;]<\/p>\n","protected":false},"author":2,"featured_media":9478,"comment_status":"open","ping_status":"open","sticky":false,"template":"","format":"standard","meta":{"footnotes":""},"categories":[3,8],"tags":[251,36,137,95,3805,2497],"class_list":["post-9476","post","type-post","status-publish","format-standard","has-post-thumbnail","hentry","category-locales","category-policiales","tag-busqueda","tag-caida","tag-joven","tag-parana","tag-plaza-saenz-pena","tag-rio"],"_links":{"self":[{"href":"https:\/\/impactodenoticias.com.ar\/index.php?rest_route=\/wp\/v2\/posts\/9476","targetHints":{"allow":["GET"]}}],"collection":[{"href":"https:\/\/impactodenoticias.com.ar\/index.php?rest_route=\/wp\/v2\/posts"}],"about":[{"href":"https:\/\/impactodenoticias.com.ar\/index.php?rest_route=\/wp\/v2\/types\/post"}],"author":[{"embeddable":true,"href":"https:\/\/impactodenoticias.com.ar\/index.php?rest_route=\/wp\/v2\/users\/2"}],"replies":[{"embeddable":true,"href":"https:\/\/impactodenoticias.com.ar\/index.php?rest_route=%2Fwp%2Fv2%2Fcomments&post=9476"}],"version-history":[{"count":1,"href":"https:\/\/impactodenoticias.com.ar\/index.php?rest_route=\/wp\/v2\/posts\/9476\/revisions"}],"predecessor-version":[{"id":9479,"href":"https:\/\/impactodenoticias.com.ar\/index.php?rest_route=\/wp\/v2\/posts\/9476\/revisions\/9479"}],"wp:featuredmedia":[{"embeddable":true,"href":"https:\/\/impactodenoticias.com.ar\/index.php?rest_route=\/wp\/v2\/media\/9478"}],"wp:attachment":[{"href":"https:\/\/impactodenoticias.com.ar\/index.php?rest_route=%2Fwp%2Fv2%2Fmedia&parent=9476"}],"wp:term":[{"taxonomy":"category","embeddable":true,"href":"https:\/\/impactodenoticias.com.ar\/index.php?rest_route=%2Fwp%2Fv2%2Fcategories&post=9476"},{"taxonomy":"post_tag","embeddable":true,"href":"https:\/\/impactodenoticias.com.ar\/index.php?rest_route=%2Fwp%2Fv2%2Ftags&post=9476"}],"curies":[{"name":"wp","href":"https:\/\/api.w.org\/{rel}","templated":true}]}}