{"id":948,"date":"2024-07-08T09:27:00","date_gmt":"2024-07-08T12:27:00","guid":{"rendered":"https:\/\/impactodenoticias.com.ar\/?p=948"},"modified":"2024-07-08T09:27:02","modified_gmt":"2024-07-08T12:27:02","slug":"intensa-busqueda-del-joven-desaparecido-en-el-rio-parana","status":"publish","type":"post","link":"https:\/\/impactodenoticias.com.ar\/?p=948","title":{"rendered":"Intensa b\u00fasqueda del joven desaparecido en el R\u00edo Paran\u00e1"},"content":{"rendered":"\n<p><strong>Uriel Ezequiel Lell tiene 27 a\u00f1os y est\u00e1 desaparecido tras caer al R\u00edo Paran\u00e1 el 5 de julio por la noche. Prefectura Naval Argentina recorre la zona.<\/strong><\/p>\n\n\n\n<p>Sigue el operativo de b\u00fasqueda del joven desaparecido en el R\u00edo Paran\u00e1. Uriel Ezequiel Lell, tiene 27 a\u00f1os y fue visto por \u00faltima vez la noche del 5 de julio en la zona de la Costanera Baja de Paran\u00e1. En circunstancias confusas, cay\u00f3 al agua y no se supo nada m\u00e1s de \u00e9l.<\/p>\n\n\n\n<p>El s\u00e1bado se inici\u00f3 un amplio operativo con personal policial, canes, buzos t\u00e1cticos y la Prefectura Naval Argentina. Sin embargp y a pesar de los esfuerzos, no hubo novedades para los familiares despu\u00e9s tras el primer d\u00eda de b\u00fasqueda.<\/p>\n\n\n\n<p>Este domingo y lunes continu\u00f3 la b\u00fasqueda en la zona pero, hasta el momento, no se obtuvieron resultados.<\/p>\n\n\n\n<p>La Justicia de Entre R\u00edos solicit\u00f3 la colaboraci\u00f3n a la ciudadan\u00eda para conseguir datos sobre su paradero. A la orilla del R\u00edo Paran\u00e1 aun lo esperan sus tres perros, que lo acompa\u00f1aban.<\/p>\n\n\n\n<p>Seg\u00fan se conoci\u00f3, el joven fue visto por \u00faltima el viernes en la zona del local Full Moon, en la costanera de Paran\u00e1. Vest\u00eda un buzo oscuro y bufanda blanca y se lo perdi\u00f3 de vista cuando estaba en la baranda que da al r\u00edo.<\/p>\n\n\n\n<p>Desde a Justicia precisaron que por datos o informaci\u00f3n sobre su paradero, los ciudadanos pueden comunicarse con el 911 o la Mesa de Informaci\u00f3n Permanente del Superior Tribunal de Justicia al tel\u00e9fono 0800 444 6372.<\/p>\n","protected":false},"excerpt":{"rendered":"<p>Uriel Ezequiel Lell tiene 27 a&ntilde;os y est&aacute; desaparecido tras caer al R&iacute;o Paran&aacute; el 5 de julio por la noche. Prefectura Naval Argentina recorre la zona. Sigue el operativo de b&uacute;squeda del joven desaparecido en el R&iacute;o Paran&aacute;. Uriel Ezequiel Lell, tiene 27 a&ntilde;os y fue visto por &uacute;ltima vez la noche del 5 [&hellip;]<\/p>\n","protected":false},"author":2,"featured_media":949,"comment_status":"open","ping_status":"open","sticky":false,"template":"","format":"standard","meta":{"footnotes":""},"categories":[3,8],"tags":[251,95,403],"class_list":["post-948","post","type-post","status-publish","format-standard","has-post-thumbnail","hentry","category-locales","category-policiales","tag-busqueda","tag-parana","tag-uriel-ezequiel-lell"],"_links":{"self":[{"href":"https:\/\/impactodenoticias.com.ar\/index.php?rest_route=\/wp\/v2\/posts\/948","targetHints":{"allow":["GET"]}}],"collection":[{"href":"https:\/\/impactodenoticias.com.ar\/index.php?rest_route=\/wp\/v2\/posts"}],"about":[{"href":"https:\/\/impactodenoticias.com.ar\/index.php?rest_route=\/wp\/v2\/types\/post"}],"author":[{"embeddable":true,"href":"https:\/\/impactodenoticias.com.ar\/index.php?rest_route=\/wp\/v2\/users\/2"}],"replies":[{"embeddable":true,"href":"https:\/\/impactodenoticias.com.ar\/index.php?rest_route=%2Fwp%2Fv2%2Fcomments&post=948"}],"version-history":[{"count":1,"href":"https:\/\/impactodenoticias.com.ar\/index.php?rest_route=\/wp\/v2\/posts\/948\/revisions"}],"predecessor-version":[{"id":950,"href":"https:\/\/impactodenoticias.com.ar\/index.php?rest_route=\/wp\/v2\/posts\/948\/revisions\/950"}],"wp:featuredmedia":[{"embeddable":true,"href":"https:\/\/impactodenoticias.com.ar\/index.php?rest_route=\/wp\/v2\/media\/949"}],"wp:attachment":[{"href":"https:\/\/impactodenoticias.com.ar\/index.php?rest_route=%2Fwp%2Fv2%2Fmedia&parent=948"}],"wp:term":[{"taxonomy":"category","embeddable":true,"href":"https:\/\/impactodenoticias.com.ar\/index.php?rest_route=%2Fwp%2Fv2%2Fcategories&post=948"},{"taxonomy":"post_tag","embeddable":true,"href":"https:\/\/impactodenoticias.com.ar\/index.php?rest_route=%2Fwp%2Fv2%2Ftags&post=948"}],"curies":[{"name":"wp","href":"https:\/\/api.w.org\/{rel}","templated":true}]}}