{"id":9487,"date":"2025-01-01T11:51:51","date_gmt":"2025-01-01T14:51:51","guid":{"rendered":"https:\/\/impactodenoticias.com.ar\/?p=9487"},"modified":"2025-01-01T11:51:52","modified_gmt":"2025-01-01T14:51:52","slug":"parana-sobre-el-final-del-31-y-las-primeras-horas-del-primer-dia-del-ano-se-produjeron-accidentes-viales-y-el-incendio-de-un-vehiculo","status":"publish","type":"post","link":"https:\/\/impactodenoticias.com.ar\/?p=9487","title":{"rendered":"Paran\u00e1: sobre el final del 31 y las primeras horas del primer d\u00eda del a\u00f1o se produjeron accidentes viales y el incendio de un veh\u00edculo"},"content":{"rendered":"\n<h3 class=\"wp-block-heading\">Pasadas las 21 del martes y hasta la madrugada de este mi\u00e9rcoles 1\u00ba de enero de 2025, se produjeron accidentes viales y el incendio de un autom\u00f3vil en varios puntos de la ciudad capital de la provincia.<\/h3>\n\n\n\n<p>La informaci\u00f3n fue enviada a este medio por parte de la Pol\u00edcia de Entre R\u00edos y el Cuerpo Activo de Bomberos Voluntarios de Paran\u00e1.<\/p>\n\n\n\n<p><\/p>\n\n\n\n<figure class=\"wp-block-image size-full\"><img loading=\"lazy\" decoding=\"async\" width=\"900\" height=\"600\" src=\"https:\/\/impactodenoticias.com.ar\/wp-content\/uploads\/2025\/01\/1.webp\" alt=\"\" class=\"wp-image-9489\" srcset=\"https:\/\/impactodenoticias.com.ar\/wp-content\/uploads\/2025\/01\/1.webp 900w, https:\/\/impactodenoticias.com.ar\/wp-content\/uploads\/2025\/01\/1-300x200.webp 300w, https:\/\/impactodenoticias.com.ar\/wp-content\/uploads\/2025\/01\/1-768x512.webp 768w\" sizes=\"auto, (max-width: 900px) 100vw, 900px\" \/><\/figure>\n\n\n\n<p><\/p>\n\n\n\n<figure class=\"wp-block-image size-full\"><img loading=\"lazy\" decoding=\"async\" width=\"900\" height=\"600\" src=\"https:\/\/impactodenoticias.com.ar\/wp-content\/uploads\/2025\/01\/2.webp\" alt=\"\" class=\"wp-image-9490\" srcset=\"https:\/\/impactodenoticias.com.ar\/wp-content\/uploads\/2025\/01\/2.webp 900w, https:\/\/impactodenoticias.com.ar\/wp-content\/uploads\/2025\/01\/2-300x200.webp 300w, https:\/\/impactodenoticias.com.ar\/wp-content\/uploads\/2025\/01\/2-768x512.webp 768w\" sizes=\"auto, (max-width: 900px) 100vw, 900px\" \/><\/figure>\n\n\n\n<p><\/p>\n\n\n\n<figure class=\"wp-block-image size-full\"><img loading=\"lazy\" decoding=\"async\" width=\"900\" height=\"600\" src=\"https:\/\/impactodenoticias.com.ar\/wp-content\/uploads\/2025\/01\/3.webp\" alt=\"\" class=\"wp-image-9491\" srcset=\"https:\/\/impactodenoticias.com.ar\/wp-content\/uploads\/2025\/01\/3.webp 900w, https:\/\/impactodenoticias.com.ar\/wp-content\/uploads\/2025\/01\/3-300x200.webp 300w, https:\/\/impactodenoticias.com.ar\/wp-content\/uploads\/2025\/01\/3-768x512.webp 768w\" sizes=\"auto, (max-width: 900px) 100vw, 900px\" \/><\/figure>\n\n\n\n<p><\/p>\n\n\n\n<figure class=\"wp-block-image size-full\"><img loading=\"lazy\" decoding=\"async\" width=\"900\" height=\"600\" src=\"https:\/\/impactodenoticias.com.ar\/wp-content\/uploads\/2025\/01\/4.webp\" alt=\"\" class=\"wp-image-9492\" srcset=\"https:\/\/impactodenoticias.com.ar\/wp-content\/uploads\/2025\/01\/4.webp 900w, https:\/\/impactodenoticias.com.ar\/wp-content\/uploads\/2025\/01\/4-300x200.webp 300w, https:\/\/impactodenoticias.com.ar\/wp-content\/uploads\/2025\/01\/4-768x512.webp 768w\" sizes=\"auto, (max-width: 900px) 100vw, 900px\" \/><\/figure>\n\n\n\n<p><\/p>\n\n\n\n<p>Equipos pertenecientes a Bomberos Voluntarios intervinieron en tres de los siniestros viales. En calle Provincias Unidas y Coronel D\u00edaz. Por motivos que est\u00e1n siendo investigados, chocaron una moto con un auto. El motociclista result\u00f3 herido y fue atendido por personal de ambulancia.<\/p>\n\n\n\n<p><\/p>\n\n\n\n<figure class=\"wp-block-image size-full\"><img loading=\"lazy\" decoding=\"async\" width=\"900\" height=\"600\" src=\"https:\/\/impactodenoticias.com.ar\/wp-content\/uploads\/2025\/01\/5.webp\" alt=\"\" class=\"wp-image-9493\" srcset=\"https:\/\/impactodenoticias.com.ar\/wp-content\/uploads\/2025\/01\/5.webp 900w, https:\/\/impactodenoticias.com.ar\/wp-content\/uploads\/2025\/01\/5-300x200.webp 300w, https:\/\/impactodenoticias.com.ar\/wp-content\/uploads\/2025\/01\/5-768x512.webp 768w\" sizes=\"auto, (max-width: 900px) 100vw, 900px\" \/><\/figure>\n\n\n\n<p><\/p>\n\n\n\n<figure class=\"wp-block-image size-full\"><img loading=\"lazy\" decoding=\"async\" width=\"900\" height=\"600\" src=\"https:\/\/impactodenoticias.com.ar\/wp-content\/uploads\/2025\/01\/6.webp\" alt=\"\" class=\"wp-image-9494\" srcset=\"https:\/\/impactodenoticias.com.ar\/wp-content\/uploads\/2025\/01\/6.webp 900w, https:\/\/impactodenoticias.com.ar\/wp-content\/uploads\/2025\/01\/6-300x200.webp 300w, https:\/\/impactodenoticias.com.ar\/wp-content\/uploads\/2025\/01\/6-768x512.webp 768w\" sizes=\"auto, (max-width: 900px) 100vw, 900px\" \/><\/figure>\n\n\n\n<p><\/p>\n\n\n\n<figure class=\"wp-block-image size-full\"><img loading=\"lazy\" decoding=\"async\" width=\"900\" height=\"600\" src=\"https:\/\/impactodenoticias.com.ar\/wp-content\/uploads\/2025\/01\/7.webp\" alt=\"\" class=\"wp-image-9495\" srcset=\"https:\/\/impactodenoticias.com.ar\/wp-content\/uploads\/2025\/01\/7.webp 900w, https:\/\/impactodenoticias.com.ar\/wp-content\/uploads\/2025\/01\/7-300x200.webp 300w, https:\/\/impactodenoticias.com.ar\/wp-content\/uploads\/2025\/01\/7-768x512.webp 768w\" sizes=\"auto, (max-width: 900px) 100vw, 900px\" \/><\/figure>\n\n\n\n<p><\/p>\n\n\n\n<figure class=\"wp-block-image size-full\"><img loading=\"lazy\" decoding=\"async\" width=\"900\" height=\"600\" src=\"https:\/\/impactodenoticias.com.ar\/wp-content\/uploads\/2025\/01\/8.webp\" alt=\"\" class=\"wp-image-9496\" srcset=\"https:\/\/impactodenoticias.com.ar\/wp-content\/uploads\/2025\/01\/8.webp 900w, https:\/\/impactodenoticias.com.ar\/wp-content\/uploads\/2025\/01\/8-300x200.webp 300w, https:\/\/impactodenoticias.com.ar\/wp-content\/uploads\/2025\/01\/8-768x512.webp 768w\" sizes=\"auto, (max-width: 900px) 100vw, 900px\" \/><\/figure>\n\n\n\n<p><\/p>\n\n\n\n<p><\/p>\n\n\n\n<p>Otro de los siniestros viales, se produjo en calle Blas Parera y Ambrosetti. En dicha intersecci\u00f3n chocaron una moto 110cc. y dos autos. Debido a la violencia del impacto, la moto qued\u00f3 muy deteriorada y subida al cord\u00f3n de la vereda.<\/p>\n\n\n\n<p>Un tercer accidente vial se registr\u00f3 en calle Caputto y Miguel David. Un motociclista choc\u00f3 y sufri\u00f3 heridas diversas, la moto sufri\u00f3 grandes da\u00f1os.<\/p>\n\n\n\n<p><\/p>\n\n\n\n<figure class=\"wp-block-image size-full\"><img loading=\"lazy\" decoding=\"async\" width=\"900\" height=\"600\" src=\"https:\/\/impactodenoticias.com.ar\/wp-content\/uploads\/2025\/01\/9.webp\" alt=\"\" class=\"wp-image-9497\" srcset=\"https:\/\/impactodenoticias.com.ar\/wp-content\/uploads\/2025\/01\/9.webp 900w, https:\/\/impactodenoticias.com.ar\/wp-content\/uploads\/2025\/01\/9-300x200.webp 300w, https:\/\/impactodenoticias.com.ar\/wp-content\/uploads\/2025\/01\/9-768x512.webp 768w\" sizes=\"auto, (max-width: 900px) 100vw, 900px\" \/><\/figure>\n\n\n\n<p><\/p>\n\n\n\n<figure class=\"wp-block-image size-full\"><img loading=\"lazy\" decoding=\"async\" width=\"900\" height=\"600\" src=\"https:\/\/impactodenoticias.com.ar\/wp-content\/uploads\/2025\/01\/10.webp\" alt=\"\" class=\"wp-image-9498\" srcset=\"https:\/\/impactodenoticias.com.ar\/wp-content\/uploads\/2025\/01\/10.webp 900w, https:\/\/impactodenoticias.com.ar\/wp-content\/uploads\/2025\/01\/10-300x200.webp 300w, https:\/\/impactodenoticias.com.ar\/wp-content\/uploads\/2025\/01\/10-768x512.webp 768w\" sizes=\"auto, (max-width: 900px) 100vw, 900px\" \/><\/figure>\n\n\n\n<p><\/p>\n\n\n\n<p>Mientras que Bomberos intervinieron en un incendio ocurrido en calle Courreges y Los Hornos. En dicho lugar se prendi\u00f3 fuego un auto y las p\u00e9rdidas fueron casi totales. Por estas horas se est\u00e1 investigando el origen del foco \u00edgneo.<\/p>\n\n\n\n<p>Se supo que hasta la llegada del personal de Bomberos, los due\u00f1os intentaron apagar el fuego por sus propios medios, no obstante los bomberos fueron quienes finalizaron la tarea inconclusa.<\/p>\n","protected":false},"excerpt":{"rendered":"<p>Pasadas las 21 del martes y hasta la madrugada de este mi&eacute;rcoles 1&ordm; de enero de 2025, se produjeron accidentes viales y el incendio de un autom&oacute;vil en varios puntos de la ciudad capital de la provincia. La informaci&oacute;n fue enviada a este medio por parte de la Pol&iacute;cia de Entre R&iacute;os y el Cuerpo [&hellip;]<\/p>\n","protected":false},"author":2,"featured_media":9488,"comment_status":"open","ping_status":"open","sticky":false,"template":"","format":"standard","meta":{"footnotes":""},"categories":[3,8],"tags":[3808,507,227,95,3809],"class_list":["post-9487","post","type-post","status-publish","format-standard","has-post-thumbnail","hentry","category-locales","category-policiales","tag-accidentes","tag-auto","tag-incendio","tag-parana","tag-viales"],"_links":{"self":[{"href":"https:\/\/impactodenoticias.com.ar\/index.php?rest_route=\/wp\/v2\/posts\/9487","targetHints":{"allow":["GET"]}}],"collection":[{"href":"https:\/\/impactodenoticias.com.ar\/index.php?rest_route=\/wp\/v2\/posts"}],"about":[{"href":"https:\/\/impactodenoticias.com.ar\/index.php?rest_route=\/wp\/v2\/types\/post"}],"author":[{"embeddable":true,"href":"https:\/\/impactodenoticias.com.ar\/index.php?rest_route=\/wp\/v2\/users\/2"}],"replies":[{"embeddable":true,"href":"https:\/\/impactodenoticias.com.ar\/index.php?rest_route=%2Fwp%2Fv2%2Fcomments&post=9487"}],"version-history":[{"count":1,"href":"https:\/\/impactodenoticias.com.ar\/index.php?rest_route=\/wp\/v2\/posts\/9487\/revisions"}],"predecessor-version":[{"id":9499,"href":"https:\/\/impactodenoticias.com.ar\/index.php?rest_route=\/wp\/v2\/posts\/9487\/revisions\/9499"}],"wp:featuredmedia":[{"embeddable":true,"href":"https:\/\/impactodenoticias.com.ar\/index.php?rest_route=\/wp\/v2\/media\/9488"}],"wp:attachment":[{"href":"https:\/\/impactodenoticias.com.ar\/index.php?rest_route=%2Fwp%2Fv2%2Fmedia&parent=9487"}],"wp:term":[{"taxonomy":"category","embeddable":true,"href":"https:\/\/impactodenoticias.com.ar\/index.php?rest_route=%2Fwp%2Fv2%2Fcategories&post=9487"},{"taxonomy":"post_tag","embeddable":true,"href":"https:\/\/impactodenoticias.com.ar\/index.php?rest_route=%2Fwp%2Fv2%2Ftags&post=9487"}],"curies":[{"name":"wp","href":"https:\/\/api.w.org\/{rel}","templated":true}]}}