{"id":9501,"date":"2025-01-01T18:15:00","date_gmt":"2025-01-01T21:15:00","guid":{"rendered":"https:\/\/impactodenoticias.com.ar\/?p=9501"},"modified":"2025-01-01T18:15:00","modified_gmt":"2025-01-01T21:15:00","slug":"siniestro-vial-en-ruta-11-cerca-de-costa-grande","status":"publish","type":"post","link":"https:\/\/impactodenoticias.com.ar\/?p=9501","title":{"rendered":"Siniestro vial en Ruta 11 cerca de Costa Grande"},"content":{"rendered":"\n<h3 class=\"wp-block-heading\">Se produjo un grave accidente de tr\u00e1nsito en Ruta 11, cerca de Costa Grande, involucrando una camioneta y un autom\u00f3vil en un impactante choque frontal.<\/h3>\n\n\n\n<p>Las causas del accidente son materia de investigaci\u00f3n. Las autoridades est\u00e1n actualmente en el lugar del siniestro realizando las investigaciones correspondientes para esclarecer los hechos.<\/p>\n\n\n\n<p>Se espera un parte oficial en las pr\u00f3ximas horas, que proporcionar\u00e1 m\u00e1s detalles sobre el accidente y el estado de los heridos. Mientras tanto, se recomienda a los conductores que transiten con extrema precauci\u00f3n por la zona para evitar nuevos incidentes.<\/p>\n\n\n\n<p>Como producto del impacto, la camioneta volc\u00f3 al costado de la cinta asf\u00e1ltica. Los ocupantes del auto identificados como Jos\u00e9 Baz\u00e1n de San Lorenzo, Santa Fe; M\u00f3nica Albornoz de Puerto San Mart\u00edn y Juan De las Mercedes Gonz\u00e1lez, domiciliado en Diamante fueron internados por precauci\u00f3n. En tanto, el conductor de la camioneta, identificado como Fabio Ricle domiciliado en el kil\u00f3metro 48 1\/2 de la Ruta 11 tambi\u00e9n fue trasladado a un nosocomio m\u00e9dico sin precisarse el car\u00e1cter de las lesiones, consign\u00f3 Informe Litoral.<\/p>\n\n\n\n<p>Luego del mediod\u00eda de hoy, personal policial de Diamante asisti\u00f3 a personas involucradas en un siniestro vial, sucedido en Ruta Provincial 11 sobre el Km 52, en jurisdicci\u00f3n de Costa Grande.<\/p>\n\n\n\n<p><\/p>\n\n\n\n<figure class=\"wp-block-image size-large is-resized\"><img loading=\"lazy\" decoding=\"async\" width=\"768\" height=\"1024\" src=\"https:\/\/impactodenoticias.com.ar\/wp-content\/uploads\/2025\/01\/a18419bb-452a-4b60-8e60-79ee9847d060-768x1024.jpeg\" alt=\"\" class=\"wp-image-9502\" style=\"width:840px;height:auto\" srcset=\"https:\/\/impactodenoticias.com.ar\/wp-content\/uploads\/2025\/01\/a18419bb-452a-4b60-8e60-79ee9847d060-768x1024.jpeg 768w, https:\/\/impactodenoticias.com.ar\/wp-content\/uploads\/2025\/01\/a18419bb-452a-4b60-8e60-79ee9847d060-225x300.jpeg 225w, https:\/\/impactodenoticias.com.ar\/wp-content\/uploads\/2025\/01\/a18419bb-452a-4b60-8e60-79ee9847d060.jpeg 960w\" sizes=\"auto, (max-width: 768px) 100vw, 768px\" \/><\/figure>\n\n\n\n<p><\/p>\n\n\n\n<figure class=\"wp-block-image size-large\"><img loading=\"lazy\" decoding=\"async\" width=\"768\" height=\"1024\" src=\"https:\/\/impactodenoticias.com.ar\/wp-content\/uploads\/2025\/01\/96348fc5-ce0f-4ccf-a608-87724fd60857-768x1024.jpeg\" alt=\"\" class=\"wp-image-9503\" srcset=\"https:\/\/impactodenoticias.com.ar\/wp-content\/uploads\/2025\/01\/96348fc5-ce0f-4ccf-a608-87724fd60857-768x1024.jpeg 768w, https:\/\/impactodenoticias.com.ar\/wp-content\/uploads\/2025\/01\/96348fc5-ce0f-4ccf-a608-87724fd60857-225x300.jpeg 225w, https:\/\/impactodenoticias.com.ar\/wp-content\/uploads\/2025\/01\/96348fc5-ce0f-4ccf-a608-87724fd60857.jpeg 960w\" sizes=\"auto, (max-width: 768px) 100vw, 768px\" \/><\/figure>\n\n\n\n<p><\/p>\n\n\n\n<p>En el lugar una pick-up Toyota Hilux conducida por un hombre de 49 a\u00f1os domiciliado en la zona, colision\u00f3 contra un autom\u00f3vil Fiat Uno ocupado por tres personas -dos hombres de 54 y 23 a\u00f1os- junto a una mujer de 58 a\u00f1os, todas con domicilio en la Provincia de Santa Fe.<\/p>\n\n\n\n<p>Los involucrados fueron derivados al Hospital \u201cSan Jos\u00e9\u201d de Diamante, para recibir atenci\u00f3n m\u00e9dica por lesiones que presentaban siendo todas de car\u00e1cter leves, y se les brind\u00f3 los servicios sanitarios correspondientes.<\/p>\n\n\n\n<p>La Polic\u00eda realiz\u00f3 las pericias accidentol\u00f3gicas para determinar las causas que llevaron al siniestro donde ambos veh\u00edculos circulaban en el mismo sentido. Desde la instituci\u00f3n policial se recuerda las medidas de precauci\u00f3n que se deben mantener al conducir para evitar la siniestralidad vial y proteger as\u00ed la vida. Fuente: con informaci\u00f3n de Neo Net Music.<\/p>\n","protected":false},"excerpt":{"rendered":"<p>Se produjo un grave accidente de tr&aacute;nsito en Ruta 11, cerca de Costa Grande, involucrando una camioneta y un autom&oacute;vil en un impactante choque frontal. Las causas del accidente son materia de investigaci&oacute;n. Las autoridades est&aacute;n actualmente en el lugar del siniestro realizando las investigaciones correspondientes para esclarecer los hechos. Se espera un parte oficial [&hellip;]<\/p>\n","protected":false},"author":2,"featured_media":9504,"comment_status":"open","ping_status":"open","sticky":false,"template":"","format":"standard","meta":{"footnotes":""},"categories":[3,8],"tags":[120,652,3811,3810,641],"class_list":["post-9501","post","type-post","status-publish","format-standard","has-post-thumbnail","hentry","category-locales","category-policiales","tag-accidente","tag-choque","tag-costa-grande","tag-frontal","tag-ruta-11"],"_links":{"self":[{"href":"https:\/\/impactodenoticias.com.ar\/index.php?rest_route=\/wp\/v2\/posts\/9501","targetHints":{"allow":["GET"]}}],"collection":[{"href":"https:\/\/impactodenoticias.com.ar\/index.php?rest_route=\/wp\/v2\/posts"}],"about":[{"href":"https:\/\/impactodenoticias.com.ar\/index.php?rest_route=\/wp\/v2\/types\/post"}],"author":[{"embeddable":true,"href":"https:\/\/impactodenoticias.com.ar\/index.php?rest_route=\/wp\/v2\/users\/2"}],"replies":[{"embeddable":true,"href":"https:\/\/impactodenoticias.com.ar\/index.php?rest_route=%2Fwp%2Fv2%2Fcomments&post=9501"}],"version-history":[{"count":1,"href":"https:\/\/impactodenoticias.com.ar\/index.php?rest_route=\/wp\/v2\/posts\/9501\/revisions"}],"predecessor-version":[{"id":9505,"href":"https:\/\/impactodenoticias.com.ar\/index.php?rest_route=\/wp\/v2\/posts\/9501\/revisions\/9505"}],"wp:featuredmedia":[{"embeddable":true,"href":"https:\/\/impactodenoticias.com.ar\/index.php?rest_route=\/wp\/v2\/media\/9504"}],"wp:attachment":[{"href":"https:\/\/impactodenoticias.com.ar\/index.php?rest_route=%2Fwp%2Fv2%2Fmedia&parent=9501"}],"wp:term":[{"taxonomy":"category","embeddable":true,"href":"https:\/\/impactodenoticias.com.ar\/index.php?rest_route=%2Fwp%2Fv2%2Fcategories&post=9501"},{"taxonomy":"post_tag","embeddable":true,"href":"https:\/\/impactodenoticias.com.ar\/index.php?rest_route=%2Fwp%2Fv2%2Ftags&post=9501"}],"curies":[{"name":"wp","href":"https:\/\/api.w.org\/{rel}","templated":true}]}}