{"id":954,"date":"2024-07-08T10:17:29","date_gmt":"2024-07-08T13:17:29","guid":{"rendered":"https:\/\/impactodenoticias.com.ar\/?p=954"},"modified":"2024-07-08T10:17:30","modified_gmt":"2024-07-08T13:17:30","slug":"denuncian-la-desarticulacion-de-areas-de-derechos-humanos-en-la-provincia","status":"publish","type":"post","link":"https:\/\/impactodenoticias.com.ar\/?p=954","title":{"rendered":"Denuncian la \u00abdesarticulaci\u00f3n\u00bb de \u00e1reas de derechos humanos en la provincia"},"content":{"rendered":"\n<p><strong>Esta situaci\u00f3n fue uno de los temas de la reuni\u00f3n que tuvo la Red de Organismos de Derechos Humanos de Entre R\u00edos (Rodher). Se pronunci\u00f3 contra el \u201cproceso de desarticulaci\u00f3n y vaciamiento\u201d del Registro \u00danico de la Verdad y se exigi\u00f3 la puesta en marcha efectiva del Comit\u00e9 de Prevenci\u00f3n de la Tortura.<\/strong><\/p>\n\n\n\n<p>Este s\u00e1bado 6 de julio se llev\u00f3 a cabo en la ciudad de Concepci\u00f3n del Uruguay el Plenario de Organismos de Derechos Humanos y Organizaciones sociales nucleadas en la Rofher, donde se analizaron temas de la coyuntura nacional y provincial.<\/p>\n\n\n\n<p>Se hicieron presentes integrantes de los organismos de las ciudades de Concordia, Paran\u00e1, Gualeguaych\u00fa, Gualeguay, Col\u00f3n, Villaguay y Concepci\u00f3n del Uruguay.<\/p>\n\n\n\n<p>Recibieron al intendente Jos\u00e9 Eduardo Lauritto, quien expres\u00f3 su compromiso con las pol\u00edticas de memoria, verdad y justicia e hizo hincapi\u00e9 en su voluntad de seguir apoyando las diversas acciones que desde la Rodher se lleven a cabo.<\/p>\n\n\n\n<p>Durante el encuentro se abord\u00f3 la situaci\u00f3n de las causas judiciales sobre cr\u00edmenes de lesa humanidad, con la presencia de la Fiscal Federal Josefina Minatta y el rol de las querellas de los organismos de derechos humanos en la reconstrucci\u00f3n judicial de la memoria.<\/p>\n\n\n\n<p>Tambi\u00e9n fue parte, el Diputado Provincial Yari Seyler quien convers\u00f3 con los Comisionados del Comit\u00e9 Provincial de Prevenci\u00f3n de la Tortura, Sof\u00eda Stamatti e Ignacio Journ\u00e9, sobre la imperiosa necesidad de que las y los legisladores avancen en la puesta en marcha efectiva de ese organismo (que se conform\u00f3 hace m\u00e1s de un a\u00f1o) y su ejecuci\u00f3n presupuestaria.<\/p>\n\n\n\n<p>Adem\u00e1s pidieron que se integre la Comisi\u00f3n Bicameral de Derechos Humanos.<\/p>\n\n\n\n<p>Y subrayaron que \u201ceste es un paso imprescindible para seguir consolidando la garant\u00eda de los derechos\u201d, tal como viene reclamando RODHER desde tiempo atr\u00e1s.<\/p>\n\n\n\n<p>Se escuch\u00f3 tambi\u00e9n la voz de las y los trabajadores del Registro \u00danico de la Verdad, \u201cque a 20 a\u00f1os de su creaci\u00f3n, est\u00e1 sufriendo un proceso de desarticulaci\u00f3n y vaciamiento\u201d.<\/p>\n\n\n\n<p>Ambos temas vienen siendo denunciados p\u00fablicamente por parte de la Red ante diversas autoridades del gobierno provincial.<\/p>\n\n\n\n<p>Se consensu\u00f3 \u201cel rechazo a las pol\u00edticas de desguace del Estado Nacional, el avasallamiento y la pol\u00edtica represiva sobre los derechos fundamentales, la p\u00e9rdida de soberan\u00eda y el empobrecimiento acelerado de gran parte de nuestro pueblo\u201d.<\/p>\n","protected":false},"excerpt":{"rendered":"<p>Esta situaci&oacute;n fue uno de los temas de la reuni&oacute;n que tuvo la Red de Organismos de Derechos Humanos de Entre R&iacute;os (Rodher). Se pronunci&oacute; contra el &ldquo;proceso de desarticulaci&oacute;n y vaciamiento&rdquo; del Registro &Uacute;nico de la Verdad y se exigi&oacute; la puesta en marcha efectiva del Comit&eacute; de Prevenci&oacute;n de la Tortura. Este s&aacute;bado [&hellip;]<\/p>\n","protected":false},"author":2,"featured_media":955,"comment_status":"open","ping_status":"open","sticky":false,"template":"","format":"standard","meta":{"footnotes":""},"categories":[11,4,49],"tags":[324,33,432,431],"class_list":["post-954","post","type-post","status-publish","format-standard","has-post-thumbnail","hentry","category-politica","category-provinciales","category-sociedad","tag-concepcion-del-uruguay","tag-entre-rios","tag-jose-lauritto","tag-rodher"],"_links":{"self":[{"href":"https:\/\/impactodenoticias.com.ar\/index.php?rest_route=\/wp\/v2\/posts\/954","targetHints":{"allow":["GET"]}}],"collection":[{"href":"https:\/\/impactodenoticias.com.ar\/index.php?rest_route=\/wp\/v2\/posts"}],"about":[{"href":"https:\/\/impactodenoticias.com.ar\/index.php?rest_route=\/wp\/v2\/types\/post"}],"author":[{"embeddable":true,"href":"https:\/\/impactodenoticias.com.ar\/index.php?rest_route=\/wp\/v2\/users\/2"}],"replies":[{"embeddable":true,"href":"https:\/\/impactodenoticias.com.ar\/index.php?rest_route=%2Fwp%2Fv2%2Fcomments&post=954"}],"version-history":[{"count":1,"href":"https:\/\/impactodenoticias.com.ar\/index.php?rest_route=\/wp\/v2\/posts\/954\/revisions"}],"predecessor-version":[{"id":956,"href":"https:\/\/impactodenoticias.com.ar\/index.php?rest_route=\/wp\/v2\/posts\/954\/revisions\/956"}],"wp:featuredmedia":[{"embeddable":true,"href":"https:\/\/impactodenoticias.com.ar\/index.php?rest_route=\/wp\/v2\/media\/955"}],"wp:attachment":[{"href":"https:\/\/impactodenoticias.com.ar\/index.php?rest_route=%2Fwp%2Fv2%2Fmedia&parent=954"}],"wp:term":[{"taxonomy":"category","embeddable":true,"href":"https:\/\/impactodenoticias.com.ar\/index.php?rest_route=%2Fwp%2Fv2%2Fcategories&post=954"},{"taxonomy":"post_tag","embeddable":true,"href":"https:\/\/impactodenoticias.com.ar\/index.php?rest_route=%2Fwp%2Fv2%2Ftags&post=954"}],"curies":[{"name":"wp","href":"https:\/\/api.w.org\/{rel}","templated":true}]}}