{"id":9611,"date":"2025-01-04T11:28:12","date_gmt":"2025-01-04T14:28:12","guid":{"rendered":"https:\/\/impactodenoticias.com.ar\/?p=9611"},"modified":"2025-01-04T11:28:19","modified_gmt":"2025-01-04T14:28:19","slug":"un-hombre-violo-la-perimetral-amenazo-a-los-efectivos-policiales-con-un-cuchillo-y-termino-detenido-ocurrio-en-gualeguaychu","status":"publish","type":"post","link":"https:\/\/impactodenoticias.com.ar\/?p=9611","title":{"rendered":"Un hombre viol\u00f3 la perimetral, amenaz\u00f3 a los efectivos policiales con un cuchillo y termin\u00f3 detenido. Ocurri\u00f3 en Gualeguaych\u00fa"},"content":{"rendered":"\n<p class=\"has-medium-font-size\"><strong>El hecho se produjo este viernes, en horas del mediod\u00eda, en una vivienda ubicada en la zona oeste de la ciudad. El sujeto ten\u00eda una restricci\u00f3n de acercamiento a un familiar.<\/strong><\/p>\n\n\n\n<p>Personal de la Comisaria Sexta de Gualeguaych\u00fa fue solicitado a un domicilio ubicado en las inmediaciones de calles Quijano y Agust\u00edn Palacios, tras la activaci\u00f3n del Bot\u00f3n Antip\u00e1nico (BAP).<\/p>\n\n\n\n<p>Al arribar al lugar de los hechos, los agentes policiales individualizaron a un hombre que, al percatarse de la Polic\u00eda, tom\u00f3 una actitud agresiva y amenaz\u00f3 al personal con una arma blanca tipo cuchillo.<\/p>\n\n\n\n<p>El sujeto intent\u00f3 darse a la fuga, pero a los poco metros fue reducido y aprehendido, para ser trasladado a la Jefatura Departamental, donde qued\u00f3 detenido por disposici\u00f3n de la Fiscal\u00eda.<\/p>\n\n\n\n<p>Seg\u00fan se inform\u00f3, el individuo ten\u00eda una medida restringida de acercamiento al domicilio de su hermana.<\/p>\n","protected":false},"excerpt":{"rendered":"<p>El hecho se produjo este viernes, en horas del mediod&iacute;a, en una vivienda ubicada en la zona oeste de la ciudad. El sujeto ten&iacute;a una restricci&oacute;n de acercamiento a un familiar. Personal de la Comisaria Sexta de Gualeguaych&uacute; fue solicitado a un domicilio ubicado en las inmediaciones de calles Quijano y Agust&iacute;n Palacios, tras la [&hellip;]<\/p>\n","protected":false},"author":2,"featured_media":9612,"comment_status":"open","ping_status":"open","sticky":false,"template":"","format":"standard","meta":{"footnotes":""},"categories":[8,4],"tags":[1004,1003,618,146],"class_list":["post-9611","post","type-post","status-publish","format-standard","has-post-thumbnail","hentry","category-policiales","category-provinciales","tag-amenazas","tag-detencion","tag-gualecuaychu","tag-hombre"],"_links":{"self":[{"href":"https:\/\/impactodenoticias.com.ar\/index.php?rest_route=\/wp\/v2\/posts\/9611","targetHints":{"allow":["GET"]}}],"collection":[{"href":"https:\/\/impactodenoticias.com.ar\/index.php?rest_route=\/wp\/v2\/posts"}],"about":[{"href":"https:\/\/impactodenoticias.com.ar\/index.php?rest_route=\/wp\/v2\/types\/post"}],"author":[{"embeddable":true,"href":"https:\/\/impactodenoticias.com.ar\/index.php?rest_route=\/wp\/v2\/users\/2"}],"replies":[{"embeddable":true,"href":"https:\/\/impactodenoticias.com.ar\/index.php?rest_route=%2Fwp%2Fv2%2Fcomments&post=9611"}],"version-history":[{"count":1,"href":"https:\/\/impactodenoticias.com.ar\/index.php?rest_route=\/wp\/v2\/posts\/9611\/revisions"}],"predecessor-version":[{"id":9613,"href":"https:\/\/impactodenoticias.com.ar\/index.php?rest_route=\/wp\/v2\/posts\/9611\/revisions\/9613"}],"wp:featuredmedia":[{"embeddable":true,"href":"https:\/\/impactodenoticias.com.ar\/index.php?rest_route=\/wp\/v2\/media\/9612"}],"wp:attachment":[{"href":"https:\/\/impactodenoticias.com.ar\/index.php?rest_route=%2Fwp%2Fv2%2Fmedia&parent=9611"}],"wp:term":[{"taxonomy":"category","embeddable":true,"href":"https:\/\/impactodenoticias.com.ar\/index.php?rest_route=%2Fwp%2Fv2%2Fcategories&post=9611"},{"taxonomy":"post_tag","embeddable":true,"href":"https:\/\/impactodenoticias.com.ar\/index.php?rest_route=%2Fwp%2Fv2%2Ftags&post=9611"}],"curies":[{"name":"wp","href":"https:\/\/api.w.org\/{rel}","templated":true}]}}