{"id":962,"date":"2024-07-08T13:15:27","date_gmt":"2024-07-08T16:15:27","guid":{"rendered":"https:\/\/impactodenoticias.com.ar\/?p=962"},"modified":"2024-07-08T13:15:27","modified_gmt":"2024-07-08T16:15:27","slug":"la-camara-entrerriana-de-turismo-alerta-que-algunos-prestadores-podrian-cerrar-hasta-el-verano","status":"publish","type":"post","link":"https:\/\/impactodenoticias.com.ar\/?p=962","title":{"rendered":"La C\u00e1mara Entrerriana de Turismo alerta que algunos prestadores podr\u00edan cerrar hasta el verano"},"content":{"rendered":"\n<p><strong>De cara a las vacaciones de invierno, las expectativas no son buenas. El presidente de la C\u00e1mara Entrerriana de Turismo, Leonardo Schey, se\u00f1al\u00f3 esta ma\u00f1ana que tiene una fuerte preocupaci\u00f3n por experiencias pasadas. \u201cMe parece que estamos muy fuera del mercado nacional, m\u00e1s all\u00e1 de que toda la situaci\u00f3n del pa\u00eds est\u00e1 muy parecida\u201d, se\u00f1al\u00f3.<\/strong><\/p>\n\n\n\n<p>Schey indic\u00f3 que en la provincia est\u00e1n padeciendo \u201cla sobrecarga de los servicios\u201d. \u201cEstamos fuera de precio y ya estamos viendo que estamos m\u00e1s caros a nivel mundial\u201d. Por ello, precis\u00f3 que no est\u00e1n siendo competitivos que se suma a las bajas intenciones de los turistas de venir a la provincia. \u201cTenemos incertidumbre respecto de c\u00f3mo van a terminar las vacaciones\u201d, manifest\u00f3.<\/p>\n\n\n\n<p>Y a\u00f1adi\u00f3 que dos prestadores, uno de Gualeguaych\u00fa y otro de Santa Elena, que forman parte de la C\u00e1mara que si en estas vacaciones no trabajan como esperan \u201clamentablemente van a cerrar, al menos, gasta la temporada de verano\u201d, seg\u00fan informaron.<\/p>\n\n\n\n<p>Schey indic\u00f3 que los costos actualmente son muy dif\u00edciles de trasladar a las tarifas. \u201cAunque ara trasladarlo para no estar trabajando a perdida, estamos caros respecto del pa\u00eds\u201d, se\u00f1al\u00f3. \u201cTenemos una fuerte sobrecarga de precios y lamentablemente muchos prestadores del servicio est\u00e1n pensando en cerrar las puertas y esperar al verano\u201d, subray\u00f3 a \u201cTarea Fina\u201d, Radio Ciudadana.<\/p>\n\n\n\n<p>\u201cEstas vacaciones de invierno van a ser un click. No va a cerrar el peque\u00f1o prestador de servicios que se maneja s\u00f3lo pero las empresas que tienen personal lamentablemente muchas est\u00e1n pensando en dar de baja y reducir personal\u201d, advirti\u00f3. Schey dijo que lamentablemente siempre el hilo se corta por lo m\u00e1s delgado. \u201cAl tener gente trabajando y no poder pagarles, tampoco es sencillo\u201d, se\u00f1al\u00f3.<\/p>\n\n\n\n<p>Schey dijo que la semana pasada transcurri\u00f3 la primera semana de vacaciones del Uruguay. En Concordia siempre se reciben a algunos visitantes pero esta vez el movimiento fue nulo. Adem\u00e1s se\u00f1al\u00f3 que deber\u00edan estar recibiendo muchas consultas y reservas en estos d\u00edas en la provincia y en Concordia. \u201cConsultas no las tenemos y las reservas van de la mano\u201d.<\/p>\n\n\n\n<p>M\u00e1s adelante, precis\u00f3 que hicieron un relevamiento de c\u00f3mo ven\u00edan las reservas en Concordia y el resultado no fue el esperado. \u201cPor no decirte un 0% de reservas, te dir\u00eda un 1 o 2 %\u201d, dijo. No obstante, indic\u00f3 que en los \u00faltimos fines de semana largos, los turistas arribaron sin reservas previas. \u201cTenemos todas las vacaciones por delante sin reservas, vamos a ver qu\u00e9 es lo que sucede\u201d.<\/p>\n\n\n\n<p>Entre las causas, Schey argument\u00f3 que no es por la falta de promoci\u00f3n ya que a nivel provincial Concordia es \u201cla que mayor promoci\u00f3n hace en medios nacionales\u201d. De la misma forma, dijo que el trabajo del Emcontur (Ente Mixto Concordiense de Turismo) es positivo. Indic\u00f3 que el Concorpass dio buen resultado para promocionar la ciudad. Pero ese esfuerzo se ve malogrado por las tarifas que deben percibir para sostener los servicios. Schey, volviendo a lo mencionado anteriormente, dijo que \u201cel costo de la luz es insostenible\u201d.<\/p>\n\n\n\n<p>\u201cLos costos de los servicios nos est\u00e1n afectando much\u00edsimo\u201d. Por ejemplo, Schey precis\u00f3 que un bungalow con iluminaci\u00f3n y un par de heladeras para los turistas paga de energ\u00eda el\u00e9ctrica entre $ 120.000 y $ 150.000. \u201cLas boletas de luz del verano en hoteles de mayor tama\u00f1o fueron de $ 1.5 mill\u00f3n de pesos\u201d, confirm\u00f3. El servicio de TV por cable cuesta $ 8.000 por cada decodificador. Para un hotel con muchas habitaciones es un costo importante. El costo del agua potable en Concordia \u201ctambi\u00e9n es caro\u201d. \u201cEstamos perdiendo plata, ni siquiera cambiando\u201d, mencion\u00f3.<\/p>\n\n\n\n<p>\u201cSeguramente desde la C\u00e1mara vamos a pedir que se declare la emergencia econ\u00f3mica tur\u00edstica en la provincia\u201d, apunt\u00f3. El titular de la C\u00e1mara sostuvo que en vacaciones siempre trabajaron un 80 % de ocupaci\u00f3n. Per so si el panorama sigue tal como hasta ahora, \u201cva a ser muy dif\u00edcil llegar al verano\u201d, concluy\u00f3.<\/p>\n","protected":false},"excerpt":{"rendered":"<p>De cara a las vacaciones de invierno, las expectativas no son buenas. El presidente de la C&aacute;mara Entrerriana de Turismo, Leonardo Schey, se&ntilde;al&oacute; esta ma&ntilde;ana que tiene una fuerte preocupaci&oacute;n por experiencias pasadas. &ldquo;Me parece que estamos muy fuera del mercado nacional, m&aacute;s all&aacute; de que toda la situaci&oacute;n del pa&iacute;s est&aacute; muy parecida&rdquo;, se&ntilde;al&oacute;. [&hellip;]<\/p>\n","protected":false},"author":2,"featured_media":963,"comment_status":"open","ping_status":"open","sticky":false,"template":"","format":"standard","meta":{"footnotes":""},"categories":[4,49],"tags":[436,72,33,437,439],"class_list":["post-962","post","type-post","status-publish","format-standard","has-post-thumbnail","hentry","category-provinciales","category-sociedad","tag-camara-turismo","tag-concordia","tag-entre-rios","tag-leonardo-schey","tag-santa-elena"],"_links":{"self":[{"href":"https:\/\/impactodenoticias.com.ar\/index.php?rest_route=\/wp\/v2\/posts\/962","targetHints":{"allow":["GET"]}}],"collection":[{"href":"https:\/\/impactodenoticias.com.ar\/index.php?rest_route=\/wp\/v2\/posts"}],"about":[{"href":"https:\/\/impactodenoticias.com.ar\/index.php?rest_route=\/wp\/v2\/types\/post"}],"author":[{"embeddable":true,"href":"https:\/\/impactodenoticias.com.ar\/index.php?rest_route=\/wp\/v2\/users\/2"}],"replies":[{"embeddable":true,"href":"https:\/\/impactodenoticias.com.ar\/index.php?rest_route=%2Fwp%2Fv2%2Fcomments&post=962"}],"version-history":[{"count":1,"href":"https:\/\/impactodenoticias.com.ar\/index.php?rest_route=\/wp\/v2\/posts\/962\/revisions"}],"predecessor-version":[{"id":964,"href":"https:\/\/impactodenoticias.com.ar\/index.php?rest_route=\/wp\/v2\/posts\/962\/revisions\/964"}],"wp:featuredmedia":[{"embeddable":true,"href":"https:\/\/impactodenoticias.com.ar\/index.php?rest_route=\/wp\/v2\/media\/963"}],"wp:attachment":[{"href":"https:\/\/impactodenoticias.com.ar\/index.php?rest_route=%2Fwp%2Fv2%2Fmedia&parent=962"}],"wp:term":[{"taxonomy":"category","embeddable":true,"href":"https:\/\/impactodenoticias.com.ar\/index.php?rest_route=%2Fwp%2Fv2%2Fcategories&post=962"},{"taxonomy":"post_tag","embeddable":true,"href":"https:\/\/impactodenoticias.com.ar\/index.php?rest_route=%2Fwp%2Fv2%2Ftags&post=962"}],"curies":[{"name":"wp","href":"https:\/\/api.w.org\/{rel}","templated":true}]}}