{"id":9647,"date":"2025-01-05T14:28:58","date_gmt":"2025-01-05T17:28:58","guid":{"rendered":"https:\/\/impactodenoticias.com.ar\/?p=9647"},"modified":"2025-01-06T12:06:22","modified_gmt":"2025-01-06T15:06:22","slug":"ema-moreno-se-incorpora-a-patronato","status":"publish","type":"post","link":"https:\/\/impactodenoticias.com.ar\/?p=9647","title":{"rendered":"Ema Moreno se incorpora a Patronato"},"content":{"rendered":"\n<h3 class=\"wp-block-heading\">El mediocampista paranaense rubricar\u00e1 el contrato este lunes y se pondr\u00e1 a disposici\u00f3n del DT Gabriel G\u00f3mez para comenzar la pretemporada.<\/h3>\n\n\n\n<p>El mediocampista de Paran\u00e1, Emanuel Moreno, estampar\u00e1 su firma el lunes para jugar en Patronato e integrar el plantel para disputar la pr\u00f3xima temporada de la Primera Nacional. El jugador entrerriano que estar\u00e1 disponible en un partido de la Copa Entre R\u00edos con Argentino Junior, equipo que lo vio nacer en la capital entrerriana, viene de jugar en Agropecuario de Carlos Casares donde disput\u00f3 60 encuentros y marc\u00f3 dos goles.<\/p>\n\n\n\n<p>El \u00abHuevo\u00bb llega a Paran\u00e1 con una gran experiencia en el f\u00fatbol argentino. Comenz\u00f3 su carrera en Uni\u00f3n de Santa Fe donde logr\u00f3 el ascenso en la temporada 2010\/2011 y luego disput\u00f3 la Primera Divisi\u00f3n. Jug\u00f3 en Douglas Haig de Pergamino, Los Andes, Guillermo Brown de Puerto Madryn y Quilmes.<\/p>\n\n\n\n<p>Ema estuvo hace tres semanas en Ahora Litoral donde pudo volver al cub de su barrio para jugar un partido.<\/p>\n\n\n\n<p>\u201cSurgi\u00f3 en una juntada donde estaba el presidente y la comisi\u00f3n directiva y les dije que si entraban iba a jugar. Y fue medio en broma y medio en serio y se dio. Estoy muy entusiasmado\u201d, cont\u00f3 el \u00abHuevo\u00bb, cuando a\u00fan no sab\u00eda donde iba a continuar su carrera como profesional.<\/p>\n","protected":false},"excerpt":{"rendered":"<p>El mediocampista paranaense rubricar&aacute; el contrato este lunes y se pondr&aacute; a disposici&oacute;n del DT Gabriel G&oacute;mez para comenzar la pretemporada. El mediocampista de Paran&aacute;, Emanuel Moreno, estampar&aacute; su firma el lunes para jugar en Patronato e integrar el plantel para disputar la pr&oacute;xima temporada de la Primera Nacional. El jugador entrerriano que estar&aacute; disponible [&hellip;]<\/p>\n","protected":false},"author":2,"featured_media":9648,"comment_status":"open","ping_status":"open","sticky":false,"template":"","format":"standard","meta":{"footnotes":""},"categories":[7,3],"tags":[3860,33,95,233],"class_list":["post-9647","post","type-post","status-publish","format-standard","has-post-thumbnail","hentry","category-deportes","category-locales","tag-emanuel-moreno","tag-entre-rios","tag-parana","tag-patronato"],"_links":{"self":[{"href":"https:\/\/impactodenoticias.com.ar\/index.php?rest_route=\/wp\/v2\/posts\/9647","targetHints":{"allow":["GET"]}}],"collection":[{"href":"https:\/\/impactodenoticias.com.ar\/index.php?rest_route=\/wp\/v2\/posts"}],"about":[{"href":"https:\/\/impactodenoticias.com.ar\/index.php?rest_route=\/wp\/v2\/types\/post"}],"author":[{"embeddable":true,"href":"https:\/\/impactodenoticias.com.ar\/index.php?rest_route=\/wp\/v2\/users\/2"}],"replies":[{"embeddable":true,"href":"https:\/\/impactodenoticias.com.ar\/index.php?rest_route=%2Fwp%2Fv2%2Fcomments&post=9647"}],"version-history":[{"count":1,"href":"https:\/\/impactodenoticias.com.ar\/index.php?rest_route=\/wp\/v2\/posts\/9647\/revisions"}],"predecessor-version":[{"id":9649,"href":"https:\/\/impactodenoticias.com.ar\/index.php?rest_route=\/wp\/v2\/posts\/9647\/revisions\/9649"}],"wp:featuredmedia":[{"embeddable":true,"href":"https:\/\/impactodenoticias.com.ar\/index.php?rest_route=\/wp\/v2\/media\/9648"}],"wp:attachment":[{"href":"https:\/\/impactodenoticias.com.ar\/index.php?rest_route=%2Fwp%2Fv2%2Fmedia&parent=9647"}],"wp:term":[{"taxonomy":"category","embeddable":true,"href":"https:\/\/impactodenoticias.com.ar\/index.php?rest_route=%2Fwp%2Fv2%2Fcategories&post=9647"},{"taxonomy":"post_tag","embeddable":true,"href":"https:\/\/impactodenoticias.com.ar\/index.php?rest_route=%2Fwp%2Fv2%2Ftags&post=9647"}],"curies":[{"name":"wp","href":"https:\/\/api.w.org\/{rel}","templated":true}]}}