{"id":9657,"date":"2025-01-05T21:24:01","date_gmt":"2025-01-06T00:24:01","guid":{"rendered":"https:\/\/impactodenoticias.com.ar\/?p=9657"},"modified":"2025-01-05T21:24:02","modified_gmt":"2025-01-06T00:24:02","slug":"clima-en-entre-rios-se-pronostica-una-semana-con-altas-temperaturas-y-sin-inestabilidades","status":"publish","type":"post","link":"https:\/\/impactodenoticias.com.ar\/?p=9657","title":{"rendered":"Clima en Entre R\u00edos: se pronostica una semana con altas temperaturas y sin inestabilidades"},"content":{"rendered":"\n<h3 class=\"wp-block-heading\">Las marcas t\u00e9rmicas seguir\u00e1n en aumento, se espera que la max\u00edma llegue a los 37 grados hacia el pr\u00f3ximo fin de semana.<\/h3>\n\n\n\n<p>Los primeros d\u00edas del a\u00f1o se presentaron con fuerte aumento de los registros t\u00e9rmicos en Entre R\u00edos, y se anticipa que las altas tenperaturas seguir\u00e1n haciendose sentir en todo el territorio provincial.<\/p>\n\n\n\n<p>La semana se iniciar\u00e1 con mucho calor en la provincia, con temperaturas que este lunes tocar\u00e1n los 34 grados de m\u00e1xima en Paran\u00e1 y 20 grados de m\u00ednima.<\/p>\n\n\n\n<p>En los d\u00edas siguientes el calor se incrementar\u00e1, el martes la m\u00e1xima tocar\u00e1 los 36 grados y la m\u00ednima ser\u00e1 de 24 grados, con valores similares para los d\u00edas siguientes.<\/p>\n\n\n\n<p>El pron\u00f3stico adelanta que habr\u00e1 una seguidilla de d\u00edas con altas temperaturas, que podr\u00edan tocar los 37 grados el pr\u00f3ximo s\u00e1bado.<\/p>\n\n\n\n<p>El Servicio Meteorol\u00f3gico Nacional se\u00f1ala que no se esperan lluvias para los pr\u00f3ximos d\u00edas en la provincia.<\/p>\n","protected":false},"excerpt":{"rendered":"<p>Las marcas t&eacute;rmicas seguir&aacute;n en aumento, se espera que la max&iacute;ma llegue a los 37 grados hacia el pr&oacute;ximo fin de semana. Los primeros d&iacute;as del a&ntilde;o se presentaron con fuerte aumento de los registros t&eacute;rmicos en Entre R&iacute;os, y se anticipa que las altas tenperaturas seguir&aacute;n haciendose sentir en todo el territorio provincial. La [&hellip;]<\/p>\n","protected":false},"author":2,"featured_media":9658,"comment_status":"open","ping_status":"open","sticky":false,"template":"","format":"standard","meta":{"footnotes":""},"categories":[4,49],"tags":[38,33,95],"class_list":["post-9657","post","type-post","status-publish","format-standard","has-post-thumbnail","hentry","category-provinciales","category-sociedad","tag-clima","tag-entre-rios","tag-parana"],"_links":{"self":[{"href":"https:\/\/impactodenoticias.com.ar\/index.php?rest_route=\/wp\/v2\/posts\/9657","targetHints":{"allow":["GET"]}}],"collection":[{"href":"https:\/\/impactodenoticias.com.ar\/index.php?rest_route=\/wp\/v2\/posts"}],"about":[{"href":"https:\/\/impactodenoticias.com.ar\/index.php?rest_route=\/wp\/v2\/types\/post"}],"author":[{"embeddable":true,"href":"https:\/\/impactodenoticias.com.ar\/index.php?rest_route=\/wp\/v2\/users\/2"}],"replies":[{"embeddable":true,"href":"https:\/\/impactodenoticias.com.ar\/index.php?rest_route=%2Fwp%2Fv2%2Fcomments&post=9657"}],"version-history":[{"count":1,"href":"https:\/\/impactodenoticias.com.ar\/index.php?rest_route=\/wp\/v2\/posts\/9657\/revisions"}],"predecessor-version":[{"id":9659,"href":"https:\/\/impactodenoticias.com.ar\/index.php?rest_route=\/wp\/v2\/posts\/9657\/revisions\/9659"}],"wp:featuredmedia":[{"embeddable":true,"href":"https:\/\/impactodenoticias.com.ar\/index.php?rest_route=\/wp\/v2\/media\/9658"}],"wp:attachment":[{"href":"https:\/\/impactodenoticias.com.ar\/index.php?rest_route=%2Fwp%2Fv2%2Fmedia&parent=9657"}],"wp:term":[{"taxonomy":"category","embeddable":true,"href":"https:\/\/impactodenoticias.com.ar\/index.php?rest_route=%2Fwp%2Fv2%2Fcategories&post=9657"},{"taxonomy":"post_tag","embeddable":true,"href":"https:\/\/impactodenoticias.com.ar\/index.php?rest_route=%2Fwp%2Fv2%2Ftags&post=9657"}],"curies":[{"name":"wp","href":"https:\/\/api.w.org\/{rel}","templated":true}]}}