{"id":9660,"date":"2025-01-06T09:59:34","date_gmt":"2025-01-06T12:59:34","guid":{"rendered":"https:\/\/impactodenoticias.com.ar\/?p=9660"},"modified":"2025-01-06T09:59:34","modified_gmt":"2025-01-06T12:59:34","slug":"ruta-12-volco-un-camion-con-madera-el-transito-se-encuentra-interrumpido","status":"publish","type":"post","link":"https:\/\/impactodenoticias.com.ar\/?p=9660","title":{"rendered":"Ruta 12: volc\u00f3 un cami\u00f3n con madera el tr\u00e1nsito se encuentra interrumpido"},"content":{"rendered":"\n<p class=\"has-medium-font-size\"><strong>El conductor del pesado rodado fue trasladado para recibir atenci\u00f3n m\u00e9dica. Una mano de la ruta qued\u00f3 totalmente obstru\u00edda.<\/strong><\/p>\n\n\n\n<p>Volc\u00f3 un cami\u00f3n con madera en Ruta 12, en jurisdicci\u00f3n de Villa Paranacito, departamento Islas del Ibicuy. Debido al siniestro vial, el tr\u00e1nsito tuvo que ser interrumpido y el conductor fue trasladado para recibir atenci\u00f3n m\u00e9dica.<\/p>\n\n\n\n<p>Seg\u00fan se inform\u00f3, el accidente vial ocurri\u00f3 a la altura del kil\u00f3metro 138 en el sentido de Entre R\u00edos a Buenos Aires y los veh\u00edculos fueron desviados hacia la mano ascendente.<\/p>\n\n\n\n<p>En el lugar trabajan Polic\u00eda, Gendarmer\u00eda y Bomberos Voluntarios de Bomberos Voluntarios de Ceibas, mientras se finaliza con la remoci\u00f3n del del material, a cargo de m\u00e1quinas y personal especializado.<\/p>\n","protected":false},"excerpt":{"rendered":"<p>El conductor del pesado rodado fue trasladado para recibir atenci&oacute;n m&eacute;dica. Una mano de la ruta qued&oacute; totalmente obstru&iacute;da. Volc&oacute; un cami&oacute;n con madera en Ruta 12, en jurisdicci&oacute;n de Villa Paranacito, departamento Islas del Ibicuy. Debido al siniestro vial, el tr&aacute;nsito tuvo que ser interrumpido y el conductor fue trasladado para recibir atenci&oacute;n m&eacute;dica. [&hellip;]<\/p>\n","protected":false},"author":2,"featured_media":9661,"comment_status":"open","ping_status":"open","sticky":false,"template":"","format":"standard","meta":{"footnotes":""},"categories":[8,4],"tags":[545,648,293,336],"class_list":["post-9660","post","type-post","status-publish","format-standard","has-post-thumbnail","hentry","category-policiales","category-provinciales","tag-camion","tag-madera","tag-ruta-12","tag-vuelco"],"_links":{"self":[{"href":"https:\/\/impactodenoticias.com.ar\/index.php?rest_route=\/wp\/v2\/posts\/9660","targetHints":{"allow":["GET"]}}],"collection":[{"href":"https:\/\/impactodenoticias.com.ar\/index.php?rest_route=\/wp\/v2\/posts"}],"about":[{"href":"https:\/\/impactodenoticias.com.ar\/index.php?rest_route=\/wp\/v2\/types\/post"}],"author":[{"embeddable":true,"href":"https:\/\/impactodenoticias.com.ar\/index.php?rest_route=\/wp\/v2\/users\/2"}],"replies":[{"embeddable":true,"href":"https:\/\/impactodenoticias.com.ar\/index.php?rest_route=%2Fwp%2Fv2%2Fcomments&post=9660"}],"version-history":[{"count":1,"href":"https:\/\/impactodenoticias.com.ar\/index.php?rest_route=\/wp\/v2\/posts\/9660\/revisions"}],"predecessor-version":[{"id":9662,"href":"https:\/\/impactodenoticias.com.ar\/index.php?rest_route=\/wp\/v2\/posts\/9660\/revisions\/9662"}],"wp:featuredmedia":[{"embeddable":true,"href":"https:\/\/impactodenoticias.com.ar\/index.php?rest_route=\/wp\/v2\/media\/9661"}],"wp:attachment":[{"href":"https:\/\/impactodenoticias.com.ar\/index.php?rest_route=%2Fwp%2Fv2%2Fmedia&parent=9660"}],"wp:term":[{"taxonomy":"category","embeddable":true,"href":"https:\/\/impactodenoticias.com.ar\/index.php?rest_route=%2Fwp%2Fv2%2Fcategories&post=9660"},{"taxonomy":"post_tag","embeddable":true,"href":"https:\/\/impactodenoticias.com.ar\/index.php?rest_route=%2Fwp%2Fv2%2Ftags&post=9660"}],"curies":[{"name":"wp","href":"https:\/\/api.w.org\/{rel}","templated":true}]}}