{"id":9666,"date":"2025-01-06T10:26:32","date_gmt":"2025-01-06T13:26:32","guid":{"rendered":"https:\/\/impactodenoticias.com.ar\/?p=9666"},"modified":"2025-01-07T10:21:59","modified_gmt":"2025-01-07T13:21:59","slug":"koch-reclamara-en-la-justicia-una-banca-en-la-camara-de-diputados","status":"publish","type":"post","link":"https:\/\/impactodenoticias.com.ar\/?p=9666","title":{"rendered":"Koch reclamar\u00e1 en la Justicia una banca en la c\u00e1mara de Diputados"},"content":{"rendered":"\n<h3 class=\"wp-block-heading\">El dirigente est\u00e1 en la lista para reemplazar a Stefan\u00eda Cora, que integrar\u00e1 el Senado nacional tras la salida de Edgardo Kueider. Pero por Ley de Paridad las sustituciones se hacen con el candidato del mismo g\u00e9nero que sigue en la lista.<\/h3>\n\n\n\n<p>La expulsi\u00f3n del senador Edgardo Kueider del Congreso de la Naci\u00f3n desat\u00f3 el corrimiento de dirigentes entre la c\u00e1mara nacional y la provincial.<\/p>\n\n\n\n<p>Cuando se retome la actividad del Congreso de la Naci\u00f3n, asumir\u00e1 la banca en el Senado de la Naci\u00f3n, la dirigente Stefan\u00eda Cora, en representaci\u00f3n de Entre R\u00edos, por la minor\u00eda, como estaba plasmado en la lista del peronismo en 2019.<\/p>\n\n\n\n<p>Mientras que en la banca de Cora en la C\u00e1mara de Diputados de la Provincia se debe convocar al reemplazante del peronismo (M\u00e1s para Entre R\u00edos). La redacci\u00f3n de la Ley de Paridad Integral N\u00ba 10.844 no da lugar a mayores dudas. Dice textualmente, en el art\u00edculo 22, que \u201cen el caso de muerte, renuncia, separaci\u00f3n, licencia, inhabilidad o incapacidad permanente de un integrante de un cuerpo deliberativo o instituci\u00f3n colegiada, ser\u00e1 sustituido por el candidato\/a del mismo partido pol\u00edtico y del mismo g\u00e9nero de acuerdo al orden de lista, con excepci\u00f3n de aquel candidato\/a del g\u00e9nero que corresponda hasta alcanzar la cuota del cincuenta por ciento (50%) de cada lista y en el cuerpo\u201d.<\/p>\n\n\n\n<p>De este modo, con una integraci\u00f3n actual de la c\u00e1mara de 17 mujeres y 17 varones, aparece claramente el nombre de la dirigente de Diamante, Silvina Decc\u00f3, como reemplazante. Ocupa el lugar N\u00ba 13 y se saltear\u00eda as\u00ed a Daniel Koch que es quien aparece en el puesto N\u00ba 12 de la n\u00f3mina de M\u00e1s para Entre R\u00edos.<\/p>\n\n\n\n<p><strong>El reclamo de Daniel Koch<\/strong><\/p>\n\n\n\n<p>Koch impugnar\u00e1 judicialmente esa letra del art\u00edculo 22 de la Ley de Paridad Integral. \u201cLa Ley de Paridad es una ley de interpretaci\u00f3n. La paridad se garantiza cuando se conforman las listas tanto para la C\u00e1mara de Diputados como para la C\u00e1mara de Senadores. Una vez que la voluntad popular se expresa, se elige una lista que ha sido avalada por la Justicia, que cumple con la paridad. No se puede vulnerar. El pueblo vot\u00f3, y vot\u00f3 un orden. Una ley no puede ir en contra de eso\u201d, argument\u00f3 Koch que asever\u00f3 que ya tiene el escrito para presentar el reclamo en la Justicia.<\/p>\n\n\n\n<p>Se\u00f1alo que ese mismo art\u00edculo \u201chabla de listas en paridad, no habla del cuerpo\u201d. \u201cSi habla de listas estamos hablando de lo que decidi\u00f3 un partido pol\u00edtico, lo que ese partido ofreci\u00f3 a la sociedad y la sociedad elegida con su voto confirmando a cada uno de nosotros en el lugar que ocupamos\u201d, destac\u00f3 Koch que adem\u00e1s afirm\u00f3 que ha anticipado este reclamo con las autoridades de la C\u00e1mara, con los representantes del bloque, con abogados constitucionalistas.<\/p>\n\n\n\n<p>Y alert\u00f3 tambi\u00e9n sobre eventuales \u201ctrampas\u201d que podr\u00edan emanar de la redacci\u00f3n del art\u00edculo que cuestiona. Puso un ejemplo: \u201cSupongamos este a\u00f1o, para las legislativas, el peronismo postula a Enrique Cresto (hoy diputado provincial) y se convierte en legislador nacional. Entonces s\u00ed llamar\u00edan a Koch para cubrir la vacante. Pero supongamos que el Gobernador no quiere a Koch en la C\u00e1mara y entonces pone a diputados de su fuerza a ocupar ministerios para volver a descompensar la paridad (de la C\u00e1mara). De este modo, otra vez habr\u00eda que saltear a Koch para poner una mujer. Este art\u00edculo habilita a que el dirigente de otro partido defina qui\u00e9n asume y qui\u00e9n no de nuestro partido\u201d, precis\u00f3 el referente del Frente Renovador.<\/p>\n\n\n\n<p>\u201cVamos a hacer una presentaci\u00f3n judicial apenas la diputada Cora formalice su renuncia. Vamos a solicitar nuestro lugar\u201d, anticip\u00f3.<\/p>\n\n\n\n<p><strong>Los antedecentes<\/strong><\/p>\n\n\n\n<p>El art\u00edculo 22 en cuesti\u00f3n ya tuvo impacto concreto en la conformaci\u00f3n de la C\u00e1mara de Diputados en dos oportunidades desde la entrada en vigencia de la ley.<\/p>\n\n\n\n<p>En primer lugar, oper\u00f3 en el per\u00edodo anterior, en diciembre de 2020, para resolver el reemplazo del entonces diputado Diego Lara que fue nombrado al frente del Tribunal de Cuentas. En pos de alcanzar la paridad, a la que apunta la 10.844, se aplic\u00f3 el art\u00edculo 22 y se nombr\u00f3 a Vanesa Castillo en vez del var\u00f3n que segu\u00eda en la lista, Rub\u00e9n Boxler.<\/p>\n\n\n\n<p>Boxler podr\u00eda haber argumentado que al momento de la elecci\u00f3n no reg\u00eda la Ley de Paridad, sino la ley electoral tradicional que solo garantizaba el 25% de los puestos de la C\u00e1mara baja a las mujeres. Pero Boxler no realiz\u00f3 un reclamo en la Justicia, ante la entrada en vigencia de la nueva norma con amplio consenso pol\u00edtico y social en ese entonces.<\/p>\n\n\n\n<p>La otra vez que se tuvo que recurrir al art\u00edculo 22 fue apenas iniciado este per\u00edodo institucional. La actual presidenta del CGE, Alicia Fregonese, renunci\u00f3 a la banca en Diputados para la que fue electa. Al haber m\u00e1s mujeres que varones en el cuerpo (desequilibrio que surgi\u00f3 porque la mayor\u00eda de las listas estaban encabezadas por mujeres), el reemplazo recay\u00f3 en el var\u00f3n que segu\u00eda en la lista de Juntos por Entre R\u00edos, el socialista Juan Rossi.<\/p>\n","protected":false},"excerpt":{"rendered":"<p>El dirigente est&aacute; en la lista para reemplazar a Stefan&iacute;a Cora, que integrar&aacute; el Senado nacional tras la salida de Edgardo Kueider. Pero por Ley de Paridad las sustituciones se hacen con el candidato del mismo g&eacute;nero que sigue en la lista. La expulsi&oacute;n del senador Edgardo Kueider del Congreso de la Naci&oacute;n desat&oacute; el [&hellip;]<\/p>\n","protected":false},"author":2,"featured_media":9667,"comment_status":"open","ping_status":"open","sticky":false,"template":"","format":"standard","meta":{"footnotes":""},"categories":[11,4],"tags":[3863,285,2680,127,33,107,1453],"class_list":["post-9666","post","type-post","status-publish","format-standard","has-post-thumbnail","hentry","category-politica","category-provinciales","tag-banca","tag-camara","tag-daniel-koch","tag-diputados","tag-entre-rios","tag-justicia","tag-reclamo"],"_links":{"self":[{"href":"https:\/\/impactodenoticias.com.ar\/index.php?rest_route=\/wp\/v2\/posts\/9666","targetHints":{"allow":["GET"]}}],"collection":[{"href":"https:\/\/impactodenoticias.com.ar\/index.php?rest_route=\/wp\/v2\/posts"}],"about":[{"href":"https:\/\/impactodenoticias.com.ar\/index.php?rest_route=\/wp\/v2\/types\/post"}],"author":[{"embeddable":true,"href":"https:\/\/impactodenoticias.com.ar\/index.php?rest_route=\/wp\/v2\/users\/2"}],"replies":[{"embeddable":true,"href":"https:\/\/impactodenoticias.com.ar\/index.php?rest_route=%2Fwp%2Fv2%2Fcomments&post=9666"}],"version-history":[{"count":1,"href":"https:\/\/impactodenoticias.com.ar\/index.php?rest_route=\/wp\/v2\/posts\/9666\/revisions"}],"predecessor-version":[{"id":9668,"href":"https:\/\/impactodenoticias.com.ar\/index.php?rest_route=\/wp\/v2\/posts\/9666\/revisions\/9668"}],"wp:featuredmedia":[{"embeddable":true,"href":"https:\/\/impactodenoticias.com.ar\/index.php?rest_route=\/wp\/v2\/media\/9667"}],"wp:attachment":[{"href":"https:\/\/impactodenoticias.com.ar\/index.php?rest_route=%2Fwp%2Fv2%2Fmedia&parent=9666"}],"wp:term":[{"taxonomy":"category","embeddable":true,"href":"https:\/\/impactodenoticias.com.ar\/index.php?rest_route=%2Fwp%2Fv2%2Fcategories&post=9666"},{"taxonomy":"post_tag","embeddable":true,"href":"https:\/\/impactodenoticias.com.ar\/index.php?rest_route=%2Fwp%2Fv2%2Ftags&post=9666"}],"curies":[{"name":"wp","href":"https:\/\/api.w.org\/{rel}","templated":true}]}}