{"id":9675,"date":"2025-01-06T11:41:50","date_gmt":"2025-01-06T14:41:50","guid":{"rendered":"https:\/\/impactodenoticias.com.ar\/?p=9675"},"modified":"2025-01-07T10:21:51","modified_gmt":"2025-01-07T13:21:51","slug":"rige-alerta-por-calor-en-siete-departamentos-de-entre-rios","status":"publish","type":"post","link":"https:\/\/impactodenoticias.com.ar\/?p=9675","title":{"rendered":"Rige alerta por calor en siete Departamentos de Entre R\u00edos"},"content":{"rendered":"\n<h3 class=\"wp-block-heading\">El Servicio Meteorol\u00f3gico Nacional (SMN) emiti\u00f3 para este lunes alertas por altas temperaturas que afectan a diversas zonas de 12 provincias argentinas.<\/h3>\n\n\n\n<p>Se mantiene el alerta amarillo que reg\u00eda para algunas partes de las provincias de Buenos Aires, el oeste de Entre R\u00edos, Santa Fe, Santiago del Estero, C\u00f3rdoba, San Luis, San Juan, Mendoza, La Pampa, Neuqu\u00e9n, R\u00edo Negro y Chubut.<\/p>\n\n\n\n<p>En algunas zonas de Chubut, Mendoza y San Luis, sube a alerta naranja. Por su parte para regiones de Neuqu\u00e9n, R\u00edo Negro y La Pampa, ascend\u00eda a alerta rojo.<\/p>\n\n\n\n<p><\/p>\n\n\n\n<figure class=\"wp-block-image size-full\"><img loading=\"lazy\" decoding=\"async\" width=\"472\" height=\"800\" src=\"https:\/\/impactodenoticias.com.ar\/wp-content\/uploads\/2025\/01\/mapa_temp_extremas.png\" alt=\"\" class=\"wp-image-9676\" srcset=\"https:\/\/impactodenoticias.com.ar\/wp-content\/uploads\/2025\/01\/mapa_temp_extremas.png 472w, https:\/\/impactodenoticias.com.ar\/wp-content\/uploads\/2025\/01\/mapa_temp_extremas-177x300.png 177w\" sizes=\"auto, (max-width: 472px) 100vw, 472px\" \/><\/figure>\n\n\n\n<p><\/p>\n\n\n\n<p>En el caso de Entre R\u00edos, se emiti\u00f3 una alerta amarilla por calor en siete Departamentos de la zona oeste.<\/p>\n\n\n\n<p>El aviso oficial abarca a Paran\u00e1, La Paz, Diamante, Nogoy\u00e1, Villaguay, Victoria y Gualeguay. Es de \u201cNivel amarillo: efecto leve a moderado en la salud\u201d.<\/p>\n\n\n\n<p>Se esperan temperaturas m\u00e1ximas de entre 34 y 36 grados durante toda la semana, con nubosidad variable y sin el registro de lluvias ni modificaci\u00f3n del clima.<\/p>\n\n\n\n<p>Cabe se\u00f1alar que las altas temperaturas \u201cpueden ser peligrosas, sobre todo para los grupos de riesgo, como ni\u00f1os y ni\u00f1as, personas mayores de 65 a\u00f1os, con enfermedades cr\u00f3nicas\u201d.<\/p>\n","protected":false},"excerpt":{"rendered":"<p>El Servicio Meteorol&oacute;gico Nacional (SMN) emiti&oacute; para este lunes alertas por altas temperaturas que afectan a diversas zonas de 12 provincias argentinas. Se mantiene el alerta amarillo que reg&iacute;a para algunas partes de las provincias de Buenos Aires, el oeste de Entre R&iacute;os, Santa Fe, Santiago del Estero, C&oacute;rdoba, San Luis, San Juan, Mendoza, La [&hellip;]<\/p>\n","protected":false},"author":2,"featured_media":9677,"comment_status":"open","ping_status":"open","sticky":false,"template":"","format":"standard","meta":{"footnotes":""},"categories":[4,49],"tags":[1613,3871,38,33],"class_list":["post-9675","post","type-post","status-publish","format-standard","has-post-thumbnail","hentry","category-provinciales","category-sociedad","tag-alerta","tag-calor","tag-clima","tag-entre-rios"],"_links":{"self":[{"href":"https:\/\/impactodenoticias.com.ar\/index.php?rest_route=\/wp\/v2\/posts\/9675","targetHints":{"allow":["GET"]}}],"collection":[{"href":"https:\/\/impactodenoticias.com.ar\/index.php?rest_route=\/wp\/v2\/posts"}],"about":[{"href":"https:\/\/impactodenoticias.com.ar\/index.php?rest_route=\/wp\/v2\/types\/post"}],"author":[{"embeddable":true,"href":"https:\/\/impactodenoticias.com.ar\/index.php?rest_route=\/wp\/v2\/users\/2"}],"replies":[{"embeddable":true,"href":"https:\/\/impactodenoticias.com.ar\/index.php?rest_route=%2Fwp%2Fv2%2Fcomments&post=9675"}],"version-history":[{"count":1,"href":"https:\/\/impactodenoticias.com.ar\/index.php?rest_route=\/wp\/v2\/posts\/9675\/revisions"}],"predecessor-version":[{"id":9678,"href":"https:\/\/impactodenoticias.com.ar\/index.php?rest_route=\/wp\/v2\/posts\/9675\/revisions\/9678"}],"wp:featuredmedia":[{"embeddable":true,"href":"https:\/\/impactodenoticias.com.ar\/index.php?rest_route=\/wp\/v2\/media\/9677"}],"wp:attachment":[{"href":"https:\/\/impactodenoticias.com.ar\/index.php?rest_route=%2Fwp%2Fv2%2Fmedia&parent=9675"}],"wp:term":[{"taxonomy":"category","embeddable":true,"href":"https:\/\/impactodenoticias.com.ar\/index.php?rest_route=%2Fwp%2Fv2%2Fcategories&post=9675"},{"taxonomy":"post_tag","embeddable":true,"href":"https:\/\/impactodenoticias.com.ar\/index.php?rest_route=%2Fwp%2Fv2%2Ftags&post=9675"}],"curies":[{"name":"wp","href":"https:\/\/api.w.org\/{rel}","templated":true}]}}