{"id":9693,"date":"2025-01-06T18:56:16","date_gmt":"2025-01-06T21:56:16","guid":{"rendered":"https:\/\/impactodenoticias.com.ar\/?p=9693"},"modified":"2025-01-06T18:56:17","modified_gmt":"2025-01-06T21:56:17","slug":"tres-delincuentes-armados-ringresaron-a-la-fuerza-a-una-vivienda-y-asaltaron-a-una-familia-en-victoria","status":"publish","type":"post","link":"https:\/\/impactodenoticias.com.ar\/?p=9693","title":{"rendered":"Tres delincuentes armados ringresaron a la fuerza a una vivienda y asaltaron a una familia en Victoria"},"content":{"rendered":"\n<h3 class=\"wp-block-heading\">Una familia del barrio La Ponderosa de la ciudad de Victoria sufri\u00f3 un momento de extrema tensi\u00f3n, el s\u00e1bado a la noche cuando tres delincuentes armados reventaron la puerta de la vivienda y se metieron por la fuerza en el interior de la casa.<\/h3>\n\n\n\n<p>Una familia del barrio La Ponderosa de la ciudad de Victoria padeci\u00f3 un momento de extrema tensi\u00f3n, el s\u00e1bado a la noche cuando tres delincuentes armados reventaron la puerta de la vivienda y se metieron por la fuerza en el interior de la casa. Uno de los integrantes de la familia pudo huir y pedir ayuda. Horas despu\u00e9s, la polic\u00eda detuvo a dos personas, un adolescente y un hombre.<\/p>\n\n\n\n<p>Seg\u00fan trascendi\u00f3 de fuentes, el asalto sucedi\u00f3 el s\u00e1bado alrededor de las 22.30 cuando una mujer junto a sus hijos fueron sorprendidos por tres ladrones armados, uno con un arma de fuego, otro con una cuchilla y el \u00faltimo con otro cuchillo. Luego de amenazar a la familia, una de las v\u00edctimas logr\u00f3 salir corriendo de la casa y pedir ayuda. Esta situaci\u00f3n puso en fuga a los malvivientes.<\/p>\n\n\n\n<p>Con lo poco que pudieron tomar, los ladrones se dieron a la fuga. La Polic\u00eda, bajo las \u00f3rdenes de fiscal\u00eda, dispusieron una serie de procedimientos.<\/p>\n\n\n\n<p>Personal de la Divisi\u00f3n Investigaciones, Criminal\u00edstica y Comisaria Suburbios, luego de realizar trabajos de campo, lograron identificar a uno de los autores y el rodado utilizado para tal fin.<\/p>\n\n\n\n<p>Con los indicios recabados, el Juzgado de Garant\u00edas, libr\u00f3 una orden de allanamiento para un domicilio ubicado en cortada de la Virgen y Viamonte. All\u00ed se detuvo a dos personas, una de 16 a\u00f1os y otra de 42 a\u00f1os. Adem\u00e1s, se secuestraron prendas de vestir, aparatos de telefon\u00eda celular, un arma de juguete, un arma blanca, un elemento cortopunzante con cabo de madera y un autom\u00f3vil marca Peugeot de color gris, el cual habr\u00eda sido visto por testigos en la zona del il\u00edcito.<\/p>\n\n\n\n<p>El ladr\u00f3n restante estar\u00eda identificado, pero aun no fue detenido. En las pr\u00f3ximas horas, la fiscal\u00eda dispondr\u00e1 de medidas de coerci\u00f3n para el mayor de los arrestados.<\/p>\n","protected":false},"excerpt":{"rendered":"<p>Una familia del barrio La Ponderosa de la ciudad de Victoria sufri&oacute; un momento de extrema tensi&oacute;n, el s&aacute;bado a la noche cuando tres delincuentes armados reventaron la puerta de la vivienda y se metieron por la fuerza en el interior de la casa. Una familia del barrio La Ponderosa de la ciudad de Victoria [&hellip;]<\/p>\n","protected":false},"author":2,"featured_media":9694,"comment_status":"open","ping_status":"open","sticky":false,"template":"","format":"standard","meta":{"footnotes":""},"categories":[8,4],"tags":[3882,1145,446,3883,568],"class_list":["post-9693","post","type-post","status-publish","format-standard","has-post-thumbnail","hentry","category-policiales","category-provinciales","tag-asaltan","tag-barrio","tag-familia","tag-la-ponderosa","tag-victoria"],"_links":{"self":[{"href":"https:\/\/impactodenoticias.com.ar\/index.php?rest_route=\/wp\/v2\/posts\/9693","targetHints":{"allow":["GET"]}}],"collection":[{"href":"https:\/\/impactodenoticias.com.ar\/index.php?rest_route=\/wp\/v2\/posts"}],"about":[{"href":"https:\/\/impactodenoticias.com.ar\/index.php?rest_route=\/wp\/v2\/types\/post"}],"author":[{"embeddable":true,"href":"https:\/\/impactodenoticias.com.ar\/index.php?rest_route=\/wp\/v2\/users\/2"}],"replies":[{"embeddable":true,"href":"https:\/\/impactodenoticias.com.ar\/index.php?rest_route=%2Fwp%2Fv2%2Fcomments&post=9693"}],"version-history":[{"count":1,"href":"https:\/\/impactodenoticias.com.ar\/index.php?rest_route=\/wp\/v2\/posts\/9693\/revisions"}],"predecessor-version":[{"id":9695,"href":"https:\/\/impactodenoticias.com.ar\/index.php?rest_route=\/wp\/v2\/posts\/9693\/revisions\/9695"}],"wp:featuredmedia":[{"embeddable":true,"href":"https:\/\/impactodenoticias.com.ar\/index.php?rest_route=\/wp\/v2\/media\/9694"}],"wp:attachment":[{"href":"https:\/\/impactodenoticias.com.ar\/index.php?rest_route=%2Fwp%2Fv2%2Fmedia&parent=9693"}],"wp:term":[{"taxonomy":"category","embeddable":true,"href":"https:\/\/impactodenoticias.com.ar\/index.php?rest_route=%2Fwp%2Fv2%2Fcategories&post=9693"},{"taxonomy":"post_tag","embeddable":true,"href":"https:\/\/impactodenoticias.com.ar\/index.php?rest_route=%2Fwp%2Fv2%2Ftags&post=9693"}],"curies":[{"name":"wp","href":"https:\/\/api.w.org\/{rel}","templated":true}]}}