{"id":9699,"date":"2025-01-06T19:05:17","date_gmt":"2025-01-06T22:05:17","guid":{"rendered":"https:\/\/impactodenoticias.com.ar\/?p=9699"},"modified":"2025-01-07T10:21:32","modified_gmt":"2025-01-07T13:21:32","slug":"comienza-en-entre-rios-la-campana-de-vacunacion-contra-el-virus-sincicial-respiratorio-para-embarazadas","status":"publish","type":"post","link":"https:\/\/impactodenoticias.com.ar\/?p=9699","title":{"rendered":"Comienza en Entre R\u00edos la campa\u00f1a de vacunaci\u00f3n contra el Virus Sincicial Respiratorio para embarazadas"},"content":{"rendered":"\n<h3 class=\"wp-block-heading\">De acuerdo a lo anunciado por el Ministerio de Salud de la Naci\u00f3n, dar\u00e1 inicio un nuevo periodo de aplicaci\u00f3n de la vacuna contra el Virus Sincicial Respiratorio (VSR), destinada a embarazadas entre las semanas 32 y 36. Desde el 20 de enero se comenzar\u00e1 a inmunizar en los vacunatorios entrerrianos.<\/h3>\n\n\n\n<p>Dicha vacuna fue incorporada en el Calendario Nacional de Vacunaci\u00f3n el a\u00f1o pasado (ya que demostr\u00f3 atributos de calidad, eficacia y seguridad) y busca lograr mayor protecci\u00f3n en la poblaci\u00f3n objetivo para la \u00e9poca de mayor circulaci\u00f3n del virus durante el invierno. Asimismo, se puede coadministrar junto con las otras vacunas indicadas para personas gestantes.<\/p>\n\n\n\n<p>El director general de Epidemiolog\u00eda del Ministerio de Salud de Entre R\u00edos, Diego Garcilazo, sostuvo que previo a comenzar con la aplicaci\u00f3n de la vacuna, se distribuyeron dosis a los m\u00e1s de 400 vacunatorios de la provincia.<\/p>\n\n\n\n<p>Asimismo, se\u00f1al\u00f3: \u00abLa vacunaci\u00f3n se desarrollar\u00e1 hasta agosto aproximadamente, aunque la fecha de finalizaci\u00f3n ser\u00e1 din\u00e1mica y se establecer\u00e1 de acuerdo al monitoreo de la circulaci\u00f3n que brinden los datos epidemiol\u00f3gicos\u00bb. Es as\u00ed que durante este periodo aquellas personas que est\u00e9n cursando embarazos entre las semanas 32 y 36 y 6 d\u00edas de gestaci\u00f3n podr\u00e1n acceder a la vacuna.<\/p>\n\n\n\n<p>Al colocarla a embarazadas (la aplicaci\u00f3n consta de una \u00fanica dosis) se produce una inmunizaci\u00f3n pasiva a los ni\u00f1os ya que la vacuna transfiere anticuerpos a trav\u00e9s de la placenta y luego mediante la lactancia a la persona reci\u00e9n nacida, protegi\u00e9ndola durante los primeros seis meses de vida. De este modo se contribuye a reducir la internaci\u00f3n y mortalidad.<\/p>\n\n\n\n<p>Con esta estrategia, se busca proporcionar protecci\u00f3n a los beb\u00e9s contra la bronquiolitis durante los primeros seis meses de vida, momento de mayor vulnerabilidad para padecer cuadros severos por la infecci\u00f3n por este virus.<\/p>\n\n\n\n<p>Cabe se\u00f1alar que el VSR es la principal causa de Infecciones Respiratorios Agudas Bajas (IRAB) en menores de un a\u00f1o y de morbilidad y mortalidad a nivel mundial. Se calcula, adem\u00e1s, que provoca un tercio de las muertes durante el primer a\u00f1o de vida. Este virus es causal de altos porcentajes de ocupaci\u00f3n en salas de internaci\u00f3n general y terapias intensivas pedi\u00e1tricas y neonatales.<\/p>\n","protected":false},"excerpt":{"rendered":"<p>De acuerdo a lo anunciado por el Ministerio de Salud de la Naci&oacute;n, dar&aacute; inicio un nuevo periodo de aplicaci&oacute;n de la vacuna contra el Virus Sincicial Respiratorio (VSR), destinada a embarazadas entre las semanas 32 y 36. Desde el 20 de enero se comenzar&aacute; a inmunizar en los vacunatorios entrerrianos. Dicha vacuna fue incorporada [&hellip;]<\/p>\n","protected":false},"author":2,"featured_media":9700,"comment_status":"open","ping_status":"open","sticky":false,"template":"","format":"standard","meta":{"footnotes":""},"categories":[4,49],"tags":[1971,3887,836,33,2370,3886],"class_list":["post-9699","post","type-post","status-publish","format-standard","has-post-thumbnail","hentry","category-provinciales","category-sociedad","tag-campana","tag-diego-garcilazo","tag-embarazadas","tag-entre-rios","tag-vacunacion","tag-virus-sincicial-respiratorio"],"_links":{"self":[{"href":"https:\/\/impactodenoticias.com.ar\/index.php?rest_route=\/wp\/v2\/posts\/9699","targetHints":{"allow":["GET"]}}],"collection":[{"href":"https:\/\/impactodenoticias.com.ar\/index.php?rest_route=\/wp\/v2\/posts"}],"about":[{"href":"https:\/\/impactodenoticias.com.ar\/index.php?rest_route=\/wp\/v2\/types\/post"}],"author":[{"embeddable":true,"href":"https:\/\/impactodenoticias.com.ar\/index.php?rest_route=\/wp\/v2\/users\/2"}],"replies":[{"embeddable":true,"href":"https:\/\/impactodenoticias.com.ar\/index.php?rest_route=%2Fwp%2Fv2%2Fcomments&post=9699"}],"version-history":[{"count":1,"href":"https:\/\/impactodenoticias.com.ar\/index.php?rest_route=\/wp\/v2\/posts\/9699\/revisions"}],"predecessor-version":[{"id":9701,"href":"https:\/\/impactodenoticias.com.ar\/index.php?rest_route=\/wp\/v2\/posts\/9699\/revisions\/9701"}],"wp:featuredmedia":[{"embeddable":true,"href":"https:\/\/impactodenoticias.com.ar\/index.php?rest_route=\/wp\/v2\/media\/9700"}],"wp:attachment":[{"href":"https:\/\/impactodenoticias.com.ar\/index.php?rest_route=%2Fwp%2Fv2%2Fmedia&parent=9699"}],"wp:term":[{"taxonomy":"category","embeddable":true,"href":"https:\/\/impactodenoticias.com.ar\/index.php?rest_route=%2Fwp%2Fv2%2Fcategories&post=9699"},{"taxonomy":"post_tag","embeddable":true,"href":"https:\/\/impactodenoticias.com.ar\/index.php?rest_route=%2Fwp%2Fv2%2Ftags&post=9699"}],"curies":[{"name":"wp","href":"https:\/\/api.w.org\/{rel}","templated":true}]}}