{"id":9831,"date":"2025-01-09T10:08:30","date_gmt":"2025-01-09T13:08:30","guid":{"rendered":"https:\/\/impactodenoticias.com.ar\/?p=9831"},"modified":"2025-01-11T11:10:20","modified_gmt":"2025-01-11T14:10:20","slug":"jose-caceres-hablo-sobre-la-liberacion-de-urribarri-y-aguilera","status":"publish","type":"post","link":"https:\/\/impactodenoticias.com.ar\/?p=9831","title":{"rendered":"Jos\u00e9 C\u00e1ceres habl\u00f3 sobre la liberaci\u00f3n de Urribarri y Aguilera"},"content":{"rendered":"\n<h3 class=\"wp-block-heading\">El Superior Tribunal de Justicia (STJ) de Entre R\u00edos dispuso en el d\u00eda de ayer, revocar la decisi\u00f3n de la C\u00e1mara de Casaci\u00f3n de Paran\u00e1, que hab\u00eda hecho lugar al pedido de Fiscal\u00eda para que Sergio Urribarri y Juan Pablo Aguilera cumplan prisi\u00f3n preventiva en la c\u00e1rcel mientras la sentencia a\u00fan no est\u00e1 firme.<\/h3>\n\n\n\n<p>El Superior Tribunal de Justicia (STJ) en Feria de Entre R\u00edos, integrado por Leonado Portela , Germ\u00e1n Carlomagno y Miguel \u00c1ngel Giorgio, resolvi\u00f3 este mi\u00e9rcoles revocar la resoluci\u00f3n de la C\u00e1mara de Casaci\u00f3n de Paran\u00e1 que el 19 de noviembre de 2024 hizo lugar al pedido del Ministerio P\u00fablico Fiscal (MPF), revocando la que emiti\u00f3, el 5 de septiembre de 2024, el Tribunal de Juicio y Apelaciones de Paran\u00e1 que por mayor\u00eda, les concedi\u00f3 a los condenados \u2013por cinco hechos de corrupci\u00f3n- Sergio Urribarri y Juan Pablo Aguilera, la libertad ambulatoria, con restricciones, mientras la sentencia no quede firme. Este mi\u00e9rcoles, el STJ en Feria retrotrajo la situaci\u00f3n tal como se hab\u00eda dispuesto en septiembre de 2024.<\/p>\n\n\n\n<p>El STJ dispuso la libertad de Urribarri con las medidas de coerci\u00f3n que le impusieron antes de enviarlo a la Unidad Penal Nro.1 de Paran\u00e1.<\/p>\n\n\n\n<p>Sobre esta decisi\u00f3n judiciao, Jos\u00e9 Orlando C\u00e1ceres (presidente del PJ en Entre R\u00edos) manifest\u00f3: \u201cDestaco la decisi\u00f3n del Superior Tribunal de Justicia de permitir que los compa\u00f1eros Urribarri y Aguilera puedan seguir su proceso en libertad. Repara un da\u00f1o que se estaba causando innecesariamente con la prisi\u00f3n preventiva y es un acto de Justicia para ellos y sus familias\u201d.<\/p>\n","protected":false},"excerpt":{"rendered":"<p>El Superior Tribunal de Justicia (STJ) de Entre R&iacute;os dispuso en el d&iacute;a de ayer, revocar la decisi&oacute;n de la C&aacute;mara de Casaci&oacute;n de Paran&aacute;, que hab&iacute;a hecho lugar al pedido de Fiscal&iacute;a para que Sergio Urribarri y Juan Pablo Aguilera cumplan prisi&oacute;n preventiva en la c&aacute;rcel mientras la sentencia a&uacute;n no est&aacute; firme. El [&hellip;]<\/p>\n","protected":false},"author":2,"featured_media":9832,"comment_status":"open","ping_status":"open","sticky":false,"template":"","format":"standard","meta":{"footnotes":""},"categories":[90,4],"tags":[33,506,1501,3939,1500,1619],"class_list":["post-9831","post","type-post","status-publish","format-standard","has-post-thumbnail","hentry","category-judicial","category-provinciales","tag-entre-rios","tag-jose-caceres","tag-juan-pablo-aguilera","tag-liberacion","tag-sergio-urribarri","tag-stj"],"_links":{"self":[{"href":"https:\/\/impactodenoticias.com.ar\/index.php?rest_route=\/wp\/v2\/posts\/9831","targetHints":{"allow":["GET"]}}],"collection":[{"href":"https:\/\/impactodenoticias.com.ar\/index.php?rest_route=\/wp\/v2\/posts"}],"about":[{"href":"https:\/\/impactodenoticias.com.ar\/index.php?rest_route=\/wp\/v2\/types\/post"}],"author":[{"embeddable":true,"href":"https:\/\/impactodenoticias.com.ar\/index.php?rest_route=\/wp\/v2\/users\/2"}],"replies":[{"embeddable":true,"href":"https:\/\/impactodenoticias.com.ar\/index.php?rest_route=%2Fwp%2Fv2%2Fcomments&post=9831"}],"version-history":[{"count":1,"href":"https:\/\/impactodenoticias.com.ar\/index.php?rest_route=\/wp\/v2\/posts\/9831\/revisions"}],"predecessor-version":[{"id":9833,"href":"https:\/\/impactodenoticias.com.ar\/index.php?rest_route=\/wp\/v2\/posts\/9831\/revisions\/9833"}],"wp:featuredmedia":[{"embeddable":true,"href":"https:\/\/impactodenoticias.com.ar\/index.php?rest_route=\/wp\/v2\/media\/9832"}],"wp:attachment":[{"href":"https:\/\/impactodenoticias.com.ar\/index.php?rest_route=%2Fwp%2Fv2%2Fmedia&parent=9831"}],"wp:term":[{"taxonomy":"category","embeddable":true,"href":"https:\/\/impactodenoticias.com.ar\/index.php?rest_route=%2Fwp%2Fv2%2Fcategories&post=9831"},{"taxonomy":"post_tag","embeddable":true,"href":"https:\/\/impactodenoticias.com.ar\/index.php?rest_route=%2Fwp%2Fv2%2Ftags&post=9831"}],"curies":[{"name":"wp","href":"https:\/\/api.w.org\/{rel}","templated":true}]}}