{"id":9860,"date":"2025-01-09T20:02:48","date_gmt":"2025-01-09T23:02:48","guid":{"rendered":"https:\/\/impactodenoticias.com.ar\/?p=9860"},"modified":"2025-01-11T11:09:55","modified_gmt":"2025-01-11T14:09:55","slug":"una-persona-privada-de-su-libertad-podra-salir-sin-supervision-para-acompanar-a-su-hijo-que-habria-sufrido-abusos-por-parte-de-la-madre","status":"publish","type":"post","link":"https:\/\/impactodenoticias.com.ar\/?p=9860","title":{"rendered":"Una persona privada de su libertad podr\u00e1 salir sin supervisi\u00f3n para acompa\u00f1ar a su hijo que habr\u00eda sufrido abusos por parte de la madre"},"content":{"rendered":"\n<p class=\"has-medium-font-size\"><strong>As\u00ed lo dispuso el martes 7 el Tribunal Oral Federal de Concepci\u00f3n del Uruguay en las actuaciones caratuladas \u201cLegajo de ejecuci\u00f3n penal de FGR\u201d, en tr\u00e1mite ante la Secretar\u00eda del Tribunal Oral en lo Criminal Federal local a los fines de resolver la incorporaci\u00f3n al R\u00e9gimen Preparatorio para la Liberaci\u00f3n (RPL) de un condenado.<\/strong><\/p>\n\n\n\n<p>El juez del Tribunal Oral Federal de Concepci\u00f3n del Uruguay, Sebasti\u00e1n Gallino, resolvi\u00f3 el mi\u00e9rcoles 7 \u201cincorporar al condenado FGR, al R\u00e9gimen Preparatorio para la Liberaci\u00f3n (RPL), en la etapa de salidas sin supervisi\u00f3n\u2026\u201d, y \u201chacer lugar a las salidas a fin de: a) acompa\u00f1ar a su hijo a la Colonia de Vacaciones\u2026, en Gualeguaych\u00fa\u201d y \u201cacompa\u00f1ar a su hija a sus terapias a Kinesiolog\u00eda y a Psicopedagog\u00eda, ambas actividades en\u2026, Gualeguaych\u00fa\u201d. Tambi\u00e9n orden\u00f3 comunicar la resoluci\u00f3n a la Asistencia de Personas Bajo Vigilancia Electr\u00f3nica (Dapve), al Patronato de Liberados de San Luis y a la Comisar\u00eda con jurisdicci\u00f3n en el inmueble del condenado.<\/p>\n\n\n\n<p>El juez consider\u00f3 que el 27 de diciembre de 2024 se present\u00f3 la Defensora oficial, Julieta Elizalde, y pidi\u00f3 la incorporaci\u00f3n de su asistido al R\u00e9gimen Preparatorio para la Libertad (RPL), previsto en la Ley de Ejecuci\u00f3n Penal y que se le concedan las salidas all\u00ed previstas.<\/p>\n\n\n\n<p>El informe<\/p>\n\n\n\n<p>La defensora asever\u00f3 que \u201cdesde el pasado 10 de abril de 2024 su asistido se encuentra encuadrado para comenzar a gozar de los beneficios previstos en el RPL\u2026\u201d. Acompa\u00f1\u00f3 un informe realizado por Natalia G\u00f3mez, abogada del \u00c1rea de Ni\u00f1ez, Adolescencia y Familia de Gualeguaych\u00fa, del cual surge que \u201cel hijo de su asistido, desde el 6 de diciembre se encuentra al exclusivo cuidado del mismo, ya que desde el \u00c1rea elevaron un informe ante las Defensor\u00edas especializadas, defensor\u00edas civiles y Copnaf por existir elementos suficientes para sospechar de abuso sexual infantil y maltrato por parte de su progenitora\u201d.<\/p>\n\n\n\n<p>De este modo, el juez consider\u00f3 que a partir de aquello se \u201cda intervenci\u00f3n al Ministerio Especializado en Ni\u00f1os, Ni\u00f1as y Adolescentes, quien el 3 de enero se presenta dictaminando que los derechos de su asistido se encuentran a resguardo, habiendo los organismos especializados adoptado las medidas cautelares tendientes a garantizar la seguridad del menor\u201d.<\/p>\n\n\n\n<p>La defensa hizo referencia a que \u201cla concesi\u00f3n de estas salidas generar\u00eda un gran est\u00edmulo para su reinserci\u00f3n social procurada por el r\u00e9gimen penitenciario de acuerdo al art\u00edculo 6 primer p\u00e1rrafo de la Ley de Ejecuci\u00f3n Penal\u201d.<\/p>\n\n\n\n<p>A su turno, Gabriela Agustina Vel\u00e1zquez, fiscal general subrogante, tras referir los alcances de la ley de ejecuci\u00f3n de las penas privativas de la libertad, asegur\u00f3 que \u201cen cuanto al primer requisito, de acuerdo con el c\u00f3mputo de la pena, el vencimiento de la misma se producir\u00e1 el d\u00eda 10 de abril de 2025, por lo que est\u00e1 en condiciones de acceder al beneficio\u201d.<\/p>\n\n\n\n<p>Sobreabundante<\/p>\n\n\n\n<p>Como el condenado cumpl\u00eda la pena en su domicilio, la fiscal inst\u00f3 que se disponga \u201cuna pericia que en alguna medida los reemplace, sobre todo los informes criminol\u00f3gicos, los que resultan de imprescindibles a efectos de evaluar si est\u00e1 en condiciones de ingresar en el r\u00e9gimen preparatorio, y, consecuentemente, de ir tomando contacto con el medio libre progresivamente\u201d.<\/p>\n\n\n\n<p>La pericia se pidi\u00f3 \u201cen reemplazo de los informes criminol\u00f3gicos que se realizan en el \u00e1mbito del encierro carcelario, los cuales resultan imprescindibles, vale destacar que atento a la situaci\u00f3n de encierro bajo la modalidad de prisi\u00f3n domiciliaria por parte del condenado, contando con distintos informes de control por parte de la Dapve y Direcci\u00f3n de Control y Asistencia a la Ejecuci\u00f3n Penal (Dcaep), y habiendo cumplido con las disposiciones pautadas por este Tribunal al momento del otorgamiento de la prisi\u00f3n domiciliaria\u201d, pero fue rechazada por el juez porque consider\u00f3 que \u201caparece sobreabundante\u201d.<\/p>\n","protected":false},"excerpt":{"rendered":"<p>As&iacute; lo dispuso el martes 7 el Tribunal Oral Federal de Concepci&oacute;n del Uruguay en las actuaciones caratuladas &ldquo;Legajo de ejecuci&oacute;n penal de FGR&rdquo;, en tr&aacute;mite ante la Secretar&iacute;a del Tribunal Oral en lo Criminal Federal local a los fines de resolver la incorporaci&oacute;n al R&eacute;gimen Preparatorio para la Liberaci&oacute;n (RPL) de un condenado. El [&hellip;]<\/p>\n","protected":false},"author":2,"featured_media":9861,"comment_status":"open","ping_status":"open","sticky":false,"template":"","format":"standard","meta":{"footnotes":""},"categories":[90,4],"tags":[1985,3962,324,2681,3960,3961,3963],"class_list":["post-9860","post","type-post","status-publish","format-standard","has-post-thumbnail","hentry","category-judicial","category-provinciales","tag-abuso-sexual","tag-acompanar","tag-concepcion-del-uruguay","tag-hijo","tag-preso","tag-salida","tag-sebastian-gallino"],"_links":{"self":[{"href":"https:\/\/impactodenoticias.com.ar\/index.php?rest_route=\/wp\/v2\/posts\/9860","targetHints":{"allow":["GET"]}}],"collection":[{"href":"https:\/\/impactodenoticias.com.ar\/index.php?rest_route=\/wp\/v2\/posts"}],"about":[{"href":"https:\/\/impactodenoticias.com.ar\/index.php?rest_route=\/wp\/v2\/types\/post"}],"author":[{"embeddable":true,"href":"https:\/\/impactodenoticias.com.ar\/index.php?rest_route=\/wp\/v2\/users\/2"}],"replies":[{"embeddable":true,"href":"https:\/\/impactodenoticias.com.ar\/index.php?rest_route=%2Fwp%2Fv2%2Fcomments&post=9860"}],"version-history":[{"count":2,"href":"https:\/\/impactodenoticias.com.ar\/index.php?rest_route=\/wp\/v2\/posts\/9860\/revisions"}],"predecessor-version":[{"id":9863,"href":"https:\/\/impactodenoticias.com.ar\/index.php?rest_route=\/wp\/v2\/posts\/9860\/revisions\/9863"}],"wp:featuredmedia":[{"embeddable":true,"href":"https:\/\/impactodenoticias.com.ar\/index.php?rest_route=\/wp\/v2\/media\/9861"}],"wp:attachment":[{"href":"https:\/\/impactodenoticias.com.ar\/index.php?rest_route=%2Fwp%2Fv2%2Fmedia&parent=9860"}],"wp:term":[{"taxonomy":"category","embeddable":true,"href":"https:\/\/impactodenoticias.com.ar\/index.php?rest_route=%2Fwp%2Fv2%2Fcategories&post=9860"},{"taxonomy":"post_tag","embeddable":true,"href":"https:\/\/impactodenoticias.com.ar\/index.php?rest_route=%2Fwp%2Fv2%2Ftags&post=9860"}],"curies":[{"name":"wp","href":"https:\/\/api.w.org\/{rel}","templated":true}]}}