{"id":9871,"date":"2025-01-09T20:32:45","date_gmt":"2025-01-09T23:32:45","guid":{"rendered":"https:\/\/impactodenoticias.com.ar\/?p=9871"},"modified":"2025-01-11T11:09:39","modified_gmt":"2025-01-11T14:09:39","slug":"buscan-a-una-mujer-que-esta-desaparecida-desde-ayer-en-colonia-avellaneda","status":"publish","type":"post","link":"https:\/\/impactodenoticias.com.ar\/?p=9871","title":{"rendered":"Buscan a una mujer que est\u00e1 desaparecida desde ayer en Colonia Avellaneda"},"content":{"rendered":"\n<h3 class=\"wp-block-heading\">Piden dar con el paradero de Maria Del Lujan Villalba, de 39 a\u00f1os, de quien se tuvo noticias por \u00faltima vez en horas de la tarde de ayer, cuando se ausent\u00f3 de su domicilio en Colonia Avellaneda.<\/h3>\n\n\n\n<p>Desde la Unidad Fiscal de Ni\u00f1os, Ni\u00f1as y Adolescentes de Paran\u00e1 piden la colaboraci\u00f3n de la ciudadan\u00eda para dar con el paradero de Maria Del Lujan Villalba, de 39 a\u00f1os, de quien se tuvo noticias por \u00faltima vez en horas de la tarde del dia de ayer, cuando se ausent\u00f3 de su domicilio en Colonia Avellaneda.<\/p>\n\n\n\n<p><\/p>\n\n\n\n<figure class=\"wp-block-image size-full\"><img loading=\"lazy\" decoding=\"async\" width=\"614\" height=\"1024\" src=\"https:\/\/impactodenoticias.com.ar\/wp-content\/uploads\/2025\/01\/Pedido-de-paradero.webp\" alt=\"\" class=\"wp-image-9872\" srcset=\"https:\/\/impactodenoticias.com.ar\/wp-content\/uploads\/2025\/01\/Pedido-de-paradero.webp 614w, https:\/\/impactodenoticias.com.ar\/wp-content\/uploads\/2025\/01\/Pedido-de-paradero-180x300.webp 180w\" sizes=\"auto, (max-width: 614px) 100vw, 614px\" \/><\/figure>\n\n\n\n<p><\/p>\n\n\n\n<p>Al momento de ausentarse llevaba una mochila de color celeste y una bolsa de color blanca, con ropa en su interior. Ella estaba vestida con ojotas rosadas, pantal\u00f3n blanco con negro y remera rosada.<\/p>\n\n\n\n<p>Es de contextura delgada, tez trigue\u00f1a, cabello casta\u00f1o oscuro, largo hasta los hombros. Posee tatuajes en ambos hombros tatuajes con las iniciales \u201cBCT\u201d.<\/p>\n\n\n\n<p>Cualquier informaci\u00f3n sobre su paradero puede suministrarse al 911, a la Mesa de Informaci\u00f3n Permanente del Poder Judicial (0800 4446372) o comunic\u00e1ndose a la Comisaria de Colonia Avellaneda 0343 497-9052.<\/p>\n","protected":false},"excerpt":{"rendered":"<p>Piden dar con el paradero de Maria Del Lujan Villalba, de 39 a&ntilde;os, de quien se tuvo noticias por &uacute;ltima vez en horas de la tarde de ayer, cuando se ausent&oacute; de su domicilio en Colonia Avellaneda. Desde la Unidad Fiscal de Ni&ntilde;os, Ni&ntilde;as y Adolescentes de Paran&aacute; piden la colaboraci&oacute;n de la ciudadan&iacute;a para [&hellip;]<\/p>\n","protected":false},"author":2,"featured_media":9873,"comment_status":"open","ping_status":"open","sticky":false,"template":"","format":"standard","meta":{"footnotes":""},"categories":[3,8],"tags":[251,344,3965,182],"class_list":["post-9871","post","type-post","status-publish","format-standard","has-post-thumbnail","hentry","category-locales","category-policiales","tag-busqueda","tag-colonia-avellaneda","tag-maria-del-lujan-villalba","tag-mujer"],"_links":{"self":[{"href":"https:\/\/impactodenoticias.com.ar\/index.php?rest_route=\/wp\/v2\/posts\/9871","targetHints":{"allow":["GET"]}}],"collection":[{"href":"https:\/\/impactodenoticias.com.ar\/index.php?rest_route=\/wp\/v2\/posts"}],"about":[{"href":"https:\/\/impactodenoticias.com.ar\/index.php?rest_route=\/wp\/v2\/types\/post"}],"author":[{"embeddable":true,"href":"https:\/\/impactodenoticias.com.ar\/index.php?rest_route=\/wp\/v2\/users\/2"}],"replies":[{"embeddable":true,"href":"https:\/\/impactodenoticias.com.ar\/index.php?rest_route=%2Fwp%2Fv2%2Fcomments&post=9871"}],"version-history":[{"count":1,"href":"https:\/\/impactodenoticias.com.ar\/index.php?rest_route=\/wp\/v2\/posts\/9871\/revisions"}],"predecessor-version":[{"id":9874,"href":"https:\/\/impactodenoticias.com.ar\/index.php?rest_route=\/wp\/v2\/posts\/9871\/revisions\/9874"}],"wp:featuredmedia":[{"embeddable":true,"href":"https:\/\/impactodenoticias.com.ar\/index.php?rest_route=\/wp\/v2\/media\/9873"}],"wp:attachment":[{"href":"https:\/\/impactodenoticias.com.ar\/index.php?rest_route=%2Fwp%2Fv2%2Fmedia&parent=9871"}],"wp:term":[{"taxonomy":"category","embeddable":true,"href":"https:\/\/impactodenoticias.com.ar\/index.php?rest_route=%2Fwp%2Fv2%2Fcategories&post=9871"},{"taxonomy":"post_tag","embeddable":true,"href":"https:\/\/impactodenoticias.com.ar\/index.php?rest_route=%2Fwp%2Fv2%2Ftags&post=9871"}],"curies":[{"name":"wp","href":"https:\/\/api.w.org\/{rel}","templated":true}]}}