{"id":9898,"date":"2025-01-10T14:35:15","date_gmt":"2025-01-10T17:35:15","guid":{"rendered":"https:\/\/impactodenoticias.com.ar\/?p=9898"},"modified":"2025-01-11T11:09:27","modified_gmt":"2025-01-11T14:09:27","slug":"se-dieron-a-conocer-los-datos-preliminares-de-la-autopsia-del-juez-pablo-sero","status":"publish","type":"post","link":"https:\/\/impactodenoticias.com.ar\/?p=9898","title":{"rendered":"Se dieron a conocer los datos preliminares de la autopsia del juez Pablo Ser\u00f3"},"content":{"rendered":"\n<h3 class=\"wp-block-heading\">El juez federal Pablo Ser\u00f3 falleci\u00f3 este jueves 9 de enero luego de caer de un edificio de la ciudad de Concepci\u00f3n del Uruguay. Este viernes se dieron a conocer los primeros detalles de la autopsia.<\/h3>\n\n\n\n<p>La autopsia llevada a cabo en el Hospital Justo Jos\u00e9 de Urquiza indicar\u00eda que el juez federal Pablo Andr\u00e9s Ser\u00f3, de 55 a\u00f1os, habr\u00eda tomado la tr\u00e1gica decisi\u00f3n de autoeliminarse.<\/p>\n\n\n\n<p>El magistrado, fue encontrado sin vida luego caer desde un edificio en el centro de dicha ciudad. Los estudios preliminares se\u00f1alan que las lesiones m\u00e1s graves se encontraban en la cabeza y el t\u00f3rax, indicando un trauma cerrado de cr\u00e1neo y lesiones abdominales. Estas evidencias apuntan a un suicidio, aunque las autoridades no descartan totalmente otras hip\u00f3tesis, ya que aun restan algunos estudios.<\/p>\n\n\n\n<p>Ser\u00f3 era un magistrado conocido por su trabajo en casos complejos, incluyendo investigaciones sobre narcotr\u00e1fico y el lavado de activos. Su labor en causas de gran relevancia, como la de los vuelos de la muerte en el Delta de Entre R\u00edos, lo hab\u00eda convertido en una figura destacada en el \u00e1mbito judicial entrerriano.<\/p>\n","protected":false},"excerpt":{"rendered":"<p>El juez federal Pablo Ser&oacute; falleci&oacute; este jueves 9 de enero luego de caer de un edificio de la ciudad de Concepci&oacute;n del Uruguay. Este viernes se dieron a conocer los primeros detalles de la autopsia. La autopsia llevada a cabo en el Hospital Justo Jos&eacute; de Urquiza indicar&iacute;a que el juez federal Pablo Andr&eacute;s [&hellip;]<\/p>\n","protected":false},"author":2,"featured_media":9899,"comment_status":"open","ping_status":"open","sticky":false,"template":"","format":"standard","meta":{"footnotes":""},"categories":[90,8,4],"tags":[130,1337,3957,3971],"class_list":["post-9898","post","type-post","status-publish","format-standard","has-post-thumbnail","hentry","category-judicial","category-policiales","category-provinciales","tag-autopsia","tag-juez","tag-pablo-sero","tag-premilinar"],"_links":{"self":[{"href":"https:\/\/impactodenoticias.com.ar\/index.php?rest_route=\/wp\/v2\/posts\/9898","targetHints":{"allow":["GET"]}}],"collection":[{"href":"https:\/\/impactodenoticias.com.ar\/index.php?rest_route=\/wp\/v2\/posts"}],"about":[{"href":"https:\/\/impactodenoticias.com.ar\/index.php?rest_route=\/wp\/v2\/types\/post"}],"author":[{"embeddable":true,"href":"https:\/\/impactodenoticias.com.ar\/index.php?rest_route=\/wp\/v2\/users\/2"}],"replies":[{"embeddable":true,"href":"https:\/\/impactodenoticias.com.ar\/index.php?rest_route=%2Fwp%2Fv2%2Fcomments&post=9898"}],"version-history":[{"count":1,"href":"https:\/\/impactodenoticias.com.ar\/index.php?rest_route=\/wp\/v2\/posts\/9898\/revisions"}],"predecessor-version":[{"id":9900,"href":"https:\/\/impactodenoticias.com.ar\/index.php?rest_route=\/wp\/v2\/posts\/9898\/revisions\/9900"}],"wp:featuredmedia":[{"embeddable":true,"href":"https:\/\/impactodenoticias.com.ar\/index.php?rest_route=\/wp\/v2\/media\/9899"}],"wp:attachment":[{"href":"https:\/\/impactodenoticias.com.ar\/index.php?rest_route=%2Fwp%2Fv2%2Fmedia&parent=9898"}],"wp:term":[{"taxonomy":"category","embeddable":true,"href":"https:\/\/impactodenoticias.com.ar\/index.php?rest_route=%2Fwp%2Fv2%2Fcategories&post=9898"},{"taxonomy":"post_tag","embeddable":true,"href":"https:\/\/impactodenoticias.com.ar\/index.php?rest_route=%2Fwp%2Fv2%2Ftags&post=9898"}],"curies":[{"name":"wp","href":"https:\/\/api.w.org\/{rel}","templated":true}]}}