{"id":9901,"date":"2025-01-10T15:00:08","date_gmt":"2025-01-10T18:00:08","guid":{"rendered":"https:\/\/impactodenoticias.com.ar\/?p=9901"},"modified":"2025-01-11T11:09:21","modified_gmt":"2025-01-11T14:09:21","slug":"ate-cruza-a-upcn-por-el-iosper","status":"publish","type":"post","link":"https:\/\/impactodenoticias.com.ar\/?p=9901","title":{"rendered":"ATE cruza a UPCN por el Iosper"},"content":{"rendered":"\n<h3 class=\"wp-block-heading\">La Uni\u00f3n del Personal Civil de la Naci\u00f3n (UPCN) rubric\u00f3, el 18 de diciembre, el acuerdo paritario salarial con el Gobierno de la provincia, contrariamente a la Asociaci\u00f3n Trabajadores del Estado (ATE) que, en palabras de la secretaria adjunta de UPCN no lo hizo por una \u201cinterna gremial\u201d.<\/h3>\n\n\n\n<p>Consultado en declaraciones radiales el secretario general de ATE, Oscar Muntes, este le reproch\u00f3 a UPCN que \u201cno se pueden arrogar la representatividad de los trabajadores y garantizar la paz de los trabajadores, o la garant\u00eda de la continuidad laboral de los trabajadores y trabajadoras de la Administraci\u00f3n P\u00fablica. Es muy fuerte, muy groso decir eso. No nos gustan las chicanas, no nos gusta meternos en la vida interna de los otros sindicatos. En ATE no hay ning\u00fan trabajador y trabajadora que se ha manifestado corrupto, ninguno de nosotros. Ninguno de nosotros ha dicho que se siente culpable ante la Justicia por algo, ninguno de nosotros est\u00e1 cuestionado por conducir una obra social que est\u00e1 intervenida y deja mucho que decir. Ninguno de nosotros puede decir que no es democr\u00e1tico porque aqu\u00ed tenemos muchos grupos, damos disputas internas todas las veces que sea necesario y en ese sindicato, donde Carina Dom\u00ednguez es secretaria adjunta, cuando van a la disputa interna, si no est\u00e1n de acuerdo los echan. Lo que tienen que hacer es dedicarse a trabajar en su sindicato, no meterse en la vida interna de los otros\u201d, apunt\u00f3.<\/p>\n\n\n\n<p>\u201cNosotros no vamos a ser un sindicato oficialista del gobierno de turno. No. Vamos a ser coherentes y vamos a intentar hacer todo lo mejor posible\u201d, agreg\u00f3.<\/p>\n\n\n\n<p>-\u00bfCu\u00e1l es la posici\u00f3n de ATE respecto de las irregularidades que la intervenci\u00f3n del Gobierno denuncia en Iosper?<\/p>\n\n\n\n<p>-Nosotros decimos que no nos gusta la intervenci\u00f3n porque somos profundamente democr\u00e1ticos. Fuimos a las elecciones y necesitamos que los trabajadores conduzcan la obra social. Pero tambi\u00e9n decimos que queremos transparencia. Queremos transparencia de la obra social porque la obra social es de los trabajadores y trabajadoras. Queremos que se sepa todo de una vez por todas y los que son responsables que lo paguen de una vez por todas en la provincia de Entre R\u00edos. Nosotros vamos siguiendo permanentemente todos los informes de la intervenci\u00f3n. Estamos document\u00e1ndonos constantemente porque es necesario y es sumamente importante lo que est\u00e1 pasando en nuestra obra social, la obra social m\u00e1s importante y m\u00e1s grande de la provincia de Entre R\u00edos, 300.000 afiliados directos e indirectos. Pareciera que algunos no se dan cuenta de lo que est\u00e1n diciendo y tienen la boca muy grande y no hablan del Iosper porque no se hacen cargo que hace a\u00f1os que est\u00e1n conduciendo el Iosper y este Iosper que est\u00e1 intervenido en algo tienen que ver ellos.<\/p>\n\n\n\n<p>-\u00bfEst\u00e1 hablando de UPCN?<\/p>\n\n\n\n<p>-S\u00ed. Y digo que tienen que hacerse cargo. Decimos que queremos claridad para todo. Por eso decimos que la obra social es de los trabajadores y trabajadoras y cuando culmine la intervenci\u00f3n de la obra social, que llamen a la elecci\u00f3n, ah\u00ed nos vamos a presentar como trabajadores y trabajadoras y es important\u00edsimo que haya claridad, saneamiento en la obra social porque no es poca cosa lo que se est\u00e1 discutiendo. Es la salud de los afiliados de la Administraci\u00f3n P\u00fablica Provincial. No es cualquier cosa. Ahora, es muy importante que se discuta todo porque lo que nos estamos enterando es muy grave No puede ser que estos vivan de fiesta con m\u00e1s de 10 millones por mes y que nadie diga absolutamente nada.<\/p>\n\n\n\n<p>-Hay bastante malestar en los afiliados.<\/p>\n\n\n\n<p>-S\u00ed, sobre todo los afiliados que est\u00e1n esperando por alguna cobertura, que tienen que pagar un sobreprecio por una cobertura. O deben andar haciendo tr\u00e1fico de influencia para que autoricen una orden. No est\u00e1 clara la planta de personal, el tema del salario que percib\u00edan los directores. ATE nunca va a formar parte de estas irregularidades que est\u00e1n saliendo a la luz.<\/p>\n\n\n\n<p>-Ahora, no solo estuvo UPCN en la conducci\u00f3n. Tambi\u00e9n otros gremios dirigieron Iosper.<\/p>\n\n\n\n<p>-Hay acci\u00f3n y omisi\u00f3n en el resto de los sindicatos.Toda la conducci\u00f3n es responsable de d\u00f3nde va nuestro sindicato. Y el que no dice absolutamente nada es porque no le interesa o est\u00e1 convidado a algunas cuestiones. Nosotros hemos sido muy claros: decimos que necesitamos claridad, que necesitamos fundamentalmente que la obra social se sanee, que se diga todo lo que se tiene que decir, y en los seis meses que se vuelva nuevamente a tener un directorio elegido leg\u00edtimamente por los afiliados, con m\u00e1s control, con m\u00e1s transparencia, pero fundamentalmente con la Comisi\u00f3n Fiscalizadora que cumpla el rol que debe cumplir.<\/p>\n\n\n\n<p>-El Gobierno analiza extender la intervenci\u00f3n m\u00e1s all\u00e1 de los seis meses.<\/p>\n\n\n\n<p>-Me parece que est\u00e1n analizando extender un poquito m\u00e1s de seis meses la intervenci\u00f3n. Lo voy siguiendo, lo voy siguiendo. Pero esa decisi\u00f3n tiene que ser fruto de un acuerdo. La ley es muy clara: establece seis meses de intervenci\u00f3n. Pero si es necesario extender el plazo para sanear la obra social y que la obra social nos sirva a todos, hay que hacerlo.. Ahora, tambi\u00e9n es cierto que hay que fijar una fecha para que los trabajadores la conduzcan, fundamentalmente con honestidad y transparencia. Porque si no, pareciera que hay gato encerrado. Y eso de los gatos encerrados, hay que desencerrarlos, concluy\u00f3.<\/p>\n","protected":false},"excerpt":{"rendered":"<p>La Uni&oacute;n del Personal Civil de la Naci&oacute;n (UPCN) rubric&oacute;, el 18 de diciembre, el acuerdo paritario salarial con el Gobierno de la provincia, contrariamente a la Asociaci&oacute;n Trabajadores del Estado (ATE) que, en palabras de la secretaria adjunta de UPCN no lo hizo por una &ldquo;interna gremial&rdquo;. Consultado en declaraciones radiales el secretario general [&hellip;]<\/p>\n","protected":false},"author":2,"featured_media":9902,"comment_status":"open","ping_status":"open","sticky":false,"template":"","format":"standard","meta":{"footnotes":""},"categories":[91,4],"tags":[103,33,1376,450],"class_list":["post-9901","post","type-post","status-publish","format-standard","has-post-thumbnail","hentry","category-gremiales","category-provinciales","tag-ate","tag-entre-rios","tag-oscar-muntes","tag-upcn"],"_links":{"self":[{"href":"https:\/\/impactodenoticias.com.ar\/index.php?rest_route=\/wp\/v2\/posts\/9901","targetHints":{"allow":["GET"]}}],"collection":[{"href":"https:\/\/impactodenoticias.com.ar\/index.php?rest_route=\/wp\/v2\/posts"}],"about":[{"href":"https:\/\/impactodenoticias.com.ar\/index.php?rest_route=\/wp\/v2\/types\/post"}],"author":[{"embeddable":true,"href":"https:\/\/impactodenoticias.com.ar\/index.php?rest_route=\/wp\/v2\/users\/2"}],"replies":[{"embeddable":true,"href":"https:\/\/impactodenoticias.com.ar\/index.php?rest_route=%2Fwp%2Fv2%2Fcomments&post=9901"}],"version-history":[{"count":1,"href":"https:\/\/impactodenoticias.com.ar\/index.php?rest_route=\/wp\/v2\/posts\/9901\/revisions"}],"predecessor-version":[{"id":9903,"href":"https:\/\/impactodenoticias.com.ar\/index.php?rest_route=\/wp\/v2\/posts\/9901\/revisions\/9903"}],"wp:featuredmedia":[{"embeddable":true,"href":"https:\/\/impactodenoticias.com.ar\/index.php?rest_route=\/wp\/v2\/media\/9902"}],"wp:attachment":[{"href":"https:\/\/impactodenoticias.com.ar\/index.php?rest_route=%2Fwp%2Fv2%2Fmedia&parent=9901"}],"wp:term":[{"taxonomy":"category","embeddable":true,"href":"https:\/\/impactodenoticias.com.ar\/index.php?rest_route=%2Fwp%2Fv2%2Fcategories&post=9901"},{"taxonomy":"post_tag","embeddable":true,"href":"https:\/\/impactodenoticias.com.ar\/index.php?rest_route=%2Fwp%2Fv2%2Ftags&post=9901"}],"curies":[{"name":"wp","href":"https:\/\/api.w.org\/{rel}","templated":true}]}}