{"id":9919,"date":"2025-01-10T19:45:49","date_gmt":"2025-01-10T22:45:49","guid":{"rendered":"https:\/\/impactodenoticias.com.ar\/?p=9919"},"modified":"2025-01-10T19:45:50","modified_gmt":"2025-01-10T22:45:50","slug":"hallaron-el-cuerpo-del-arbitro-que-fue-embestido-y-cayo-al-rio-en-santa-fe","status":"publish","type":"post","link":"https:\/\/impactodenoticias.com.ar\/?p=9919","title":{"rendered":"Hallaron el cuerpo del \u00e1rbitro que fue embestido y cay\u00f3 al r\u00edo en Santa Fe"},"content":{"rendered":"\n<h3 class=\"wp-block-heading\">Se trata de Diego Kominek, el hombre que cay\u00f3 al agua luego de ser embestido por una camioneta. Ten\u00eda tres hijos. Otras dos j\u00f3venes est\u00e1n en terapia intensiva.<\/h3>\n\n\n\n<p>Los buzos t\u00e1cticos encontraron en el r\u00edo el cuerpo de Diego Kominek, el hombre que estaba siendo buscado tras el grave accidente vial que sucedi\u00f3 en horas de esta madrugada en la Ruta Nacional 168. El hallazgo se registr\u00f3 este viernes minutos antes de las 13.00.<\/p>\n\n\n\n<p>Kominek ten\u00eda 40 a\u00f1os y era padre de tres hijos. Su cuerpo apareci\u00f3 en el r\u00edo, tras ser colisionado esta madrugada por una camioneta Toyota Hilux en momentos que conduc\u00eda una motocicleta. Era \u00e1rbitro de f\u00fatbol y volv\u00eda de trabajar.<\/p>\n\n\n\n<p>El cuerpo apareci\u00f3 en una zona de aguas profundas, de entre 8 y 12 metros. Se trata de una zona complicada, ubicada en inmediaciones del puente aliviador de la Ruta 168, cerca de La Guardia. Tambi\u00e9n aparecieron en el mismo parte de sus pertenencias.<\/p>\n\n\n\n<p>Kominek conduc\u00eda la moto en la que iban tambi\u00e9n las \u00e1rbitras Antonela Aramo y Brenda Espinoza, quienes se encuentran internadas en terapia intensiva del Hospital Cullen. En bicicleta iba su compa\u00f1ero, Miguel Carrizo, quien sufri\u00f3 lesiones leves. Ambos veh\u00edculos fueron chocados de atr\u00e1s por la camioneta Hilux.<\/p>\n","protected":false},"excerpt":{"rendered":"<p>Se trata de Diego Kominek, el hombre que cay&oacute; al agua luego de ser embestido por una camioneta. Ten&iacute;a tres hijos. Otras dos j&oacute;venes est&aacute;n en terapia intensiva. Los buzos t&aacute;cticos encontraron en el r&iacute;o el cuerpo de Diego Kominek, el hombre que estaba siendo buscado tras el grave accidente vial que sucedi&oacute; en horas [&hellip;]<\/p>\n","protected":false},"author":2,"featured_media":9889,"comment_status":"open","ping_status":"open","sticky":false,"template":"","format":"standard","meta":{"footnotes":""},"categories":[8,4],"tags":[3976,260,3979,3977,2201,2497,3978,575],"class_list":["post-9919","post","type-post","status-publish","format-standard","has-post-thumbnail","hentry","category-policiales","category-provinciales","tag-arbitro","tag-cuerpo","tag-diego-kominek","tag-embestido","tag-encontraron","tag-rio","tag-ruta-nacional-168","tag-santa-fe-2"],"_links":{"self":[{"href":"https:\/\/impactodenoticias.com.ar\/index.php?rest_route=\/wp\/v2\/posts\/9919","targetHints":{"allow":["GET"]}}],"collection":[{"href":"https:\/\/impactodenoticias.com.ar\/index.php?rest_route=\/wp\/v2\/posts"}],"about":[{"href":"https:\/\/impactodenoticias.com.ar\/index.php?rest_route=\/wp\/v2\/types\/post"}],"author":[{"embeddable":true,"href":"https:\/\/impactodenoticias.com.ar\/index.php?rest_route=\/wp\/v2\/users\/2"}],"replies":[{"embeddable":true,"href":"https:\/\/impactodenoticias.com.ar\/index.php?rest_route=%2Fwp%2Fv2%2Fcomments&post=9919"}],"version-history":[{"count":1,"href":"https:\/\/impactodenoticias.com.ar\/index.php?rest_route=\/wp\/v2\/posts\/9919\/revisions"}],"predecessor-version":[{"id":9920,"href":"https:\/\/impactodenoticias.com.ar\/index.php?rest_route=\/wp\/v2\/posts\/9919\/revisions\/9920"}],"wp:featuredmedia":[{"embeddable":true,"href":"https:\/\/impactodenoticias.com.ar\/index.php?rest_route=\/wp\/v2\/media\/9889"}],"wp:attachment":[{"href":"https:\/\/impactodenoticias.com.ar\/index.php?rest_route=%2Fwp%2Fv2%2Fmedia&parent=9919"}],"wp:term":[{"taxonomy":"category","embeddable":true,"href":"https:\/\/impactodenoticias.com.ar\/index.php?rest_route=%2Fwp%2Fv2%2Fcategories&post=9919"},{"taxonomy":"post_tag","embeddable":true,"href":"https:\/\/impactodenoticias.com.ar\/index.php?rest_route=%2Fwp%2Fv2%2Ftags&post=9919"}],"curies":[{"name":"wp","href":"https:\/\/api.w.org\/{rel}","templated":true}]}}