{"id":9923,"date":"2025-01-11T10:28:55","date_gmt":"2025-01-11T13:28:55","guid":{"rendered":"https:\/\/impactodenoticias.com.ar\/?p=9923"},"modified":"2025-01-11T10:28:55","modified_gmt":"2025-01-11T13:28:55","slug":"clima-en-entre-rios-se-mantienen-las-altas-temperaturas-durante-esta-jornada","status":"publish","type":"post","link":"https:\/\/impactodenoticias.com.ar\/?p=9923","title":{"rendered":"Clima en Entre R\u00edos: se mantienen las altas temperaturas durante esta jornada"},"content":{"rendered":"\n<h3 class=\"wp-block-heading\">El calor intenso sigue en Entre R\u00edos, para este s\u00e1bado se pronostican altas marcas t\u00e9rmicas y no hay aviso de inestabilidades.<\/h3>\n\n\n\n<p>De acuerdo a la informaci\u00edn brindada por el Servicio Meteorol\u00f3gico Nacional \u2013SMN-, este fin de semana continuar\u00e1 con temperaturas m\u00e1ximas que rondar\u00e1n los 35 grados. Se anticipa que las pr\u00f3ximas jornadas sean aun m\u00e1s agobiantes.<\/p>\n\n\n\n<p>Sin anuncio de inestabilidades en la provincia para los pr\u00f3ximos d\u00edas.<\/p>\n\n\n\n<p><\/p>\n\n\n\n<figure class=\"wp-block-image size-full\"><img loading=\"lazy\" decoding=\"async\" width=\"675\" height=\"552\" src=\"https:\/\/impactodenoticias.com.ar\/wp-content\/uploads\/2025\/01\/scrnli_PJmCPNdqS80I0h.png\" alt=\"\" class=\"wp-image-9924\" srcset=\"https:\/\/impactodenoticias.com.ar\/wp-content\/uploads\/2025\/01\/scrnli_PJmCPNdqS80I0h.png 675w, https:\/\/impactodenoticias.com.ar\/wp-content\/uploads\/2025\/01\/scrnli_PJmCPNdqS80I0h-300x245.png 300w\" sizes=\"auto, (max-width: 675px) 100vw, 675px\" \/><\/figure>\n\n\n\n<p><\/p>\n\n\n\n<p>En Paran\u00e1, La Paz, Victoria, Nogoy\u00e1 y Diamante se aguarda que las temperaturas lleguen hasta los 35 grados. El cielo estar\u00e1 algo nublado durante la jornada.<\/p>\n\n\n\n<p>Mientras que en Concordia, Federal, Federaci\u00f3n, Feliciano y San Salvador se anuncia una m\u00ednima de 19 grados y m\u00e1xima de 34 grados. El cielo se presenta ligeramente nublado.<\/p>\n\n\n\n<p>En Gualeguaych\u00fa, Gualeguay, Concepci\u00f3n del Uruguay y Col\u00f3n por \u00faltimo, se espera un s\u00e1bado con cielo algo nublado. Las temperaturas eondar\u00e1n los 34 a 35 grados, con una m\u00ednima de 19 grados y una m\u00e1xima de 34 grados.<\/p>\n","protected":false},"excerpt":{"rendered":"<p>El calor intenso sigue en Entre R&iacute;os, para este s&aacute;bado se pronostican altas marcas t&eacute;rmicas y no hay aviso de inestabilidades. De acuerdo a la informaci&iacute;n brindada por el Servicio Meteorol&oacute;gico Nacional &ndash;SMN-, este fin de semana continuar&aacute; con temperaturas m&aacute;ximas que rondar&aacute;n los 35 grados. Se anticipa que las pr&oacute;ximas jornadas sean aun m&aacute;s [&hellip;]<\/p>\n","protected":false},"author":2,"featured_media":9677,"comment_status":"open","ping_status":"open","sticky":false,"template":"","format":"standard","meta":{"footnotes":""},"categories":[4,49],"tags":[38,33],"class_list":["post-9923","post","type-post","status-publish","format-standard","has-post-thumbnail","hentry","category-provinciales","category-sociedad","tag-clima","tag-entre-rios"],"_links":{"self":[{"href":"https:\/\/impactodenoticias.com.ar\/index.php?rest_route=\/wp\/v2\/posts\/9923","targetHints":{"allow":["GET"]}}],"collection":[{"href":"https:\/\/impactodenoticias.com.ar\/index.php?rest_route=\/wp\/v2\/posts"}],"about":[{"href":"https:\/\/impactodenoticias.com.ar\/index.php?rest_route=\/wp\/v2\/types\/post"}],"author":[{"embeddable":true,"href":"https:\/\/impactodenoticias.com.ar\/index.php?rest_route=\/wp\/v2\/users\/2"}],"replies":[{"embeddable":true,"href":"https:\/\/impactodenoticias.com.ar\/index.php?rest_route=%2Fwp%2Fv2%2Fcomments&post=9923"}],"version-history":[{"count":1,"href":"https:\/\/impactodenoticias.com.ar\/index.php?rest_route=\/wp\/v2\/posts\/9923\/revisions"}],"predecessor-version":[{"id":9925,"href":"https:\/\/impactodenoticias.com.ar\/index.php?rest_route=\/wp\/v2\/posts\/9923\/revisions\/9925"}],"wp:featuredmedia":[{"embeddable":true,"href":"https:\/\/impactodenoticias.com.ar\/index.php?rest_route=\/wp\/v2\/media\/9677"}],"wp:attachment":[{"href":"https:\/\/impactodenoticias.com.ar\/index.php?rest_route=%2Fwp%2Fv2%2Fmedia&parent=9923"}],"wp:term":[{"taxonomy":"category","embeddable":true,"href":"https:\/\/impactodenoticias.com.ar\/index.php?rest_route=%2Fwp%2Fv2%2Fcategories&post=9923"},{"taxonomy":"post_tag","embeddable":true,"href":"https:\/\/impactodenoticias.com.ar\/index.php?rest_route=%2Fwp%2Fv2%2Ftags&post=9923"}],"curies":[{"name":"wp","href":"https:\/\/api.w.org\/{rel}","templated":true}]}}