{"id":9926,"date":"2025-01-11T10:36:17","date_gmt":"2025-01-11T13:36:17","guid":{"rendered":"https:\/\/impactodenoticias.com.ar\/?p=9926"},"modified":"2025-01-12T11:23:11","modified_gmt":"2025-01-12T14:23:11","slug":"el-boleto-de-colectivo-se-incrementara-cerca-del-18-en-gualeguaychu","status":"publish","type":"post","link":"https:\/\/impactodenoticias.com.ar\/?p=9926","title":{"rendered":"El boleto de colectivo se incrementar\u00e1 cerca del 18% en Gualeguaych\u00fa"},"content":{"rendered":"\n<p class=\"has-medium-font-size\"><strong>Esto se debe a la actualizaci\u00f3n de la tarifa que se realiza cada dos meses. El mismo se aplica seg\u00fan una f\u00f3rmula polin\u00f3mica que contempla los incrementos en los costos de combustible y cubiertas y los aumentos salariales. Este nuevo aumento comenzar\u00e1 regir a partir de la semana que viene.<\/strong><\/p>\n\n\n\n<p>Esta metodolog\u00eda de aumento se aplica desde mediados del a\u00f1o pasado para desligar al Concejo Deliberante en la decisi\u00f3n del aumento del precio.<\/p>\n\n\n\n<p>Ante la quita de subsidios por parte de Naci\u00f3n al transporte p\u00fablico del interior del pa\u00eds, los empresarios locales solicitaron al Gobierno Municipal una serie de medidas para poder afrontar la situaci\u00f3n.<\/p>\n\n\n\n<p>Una de ellas fue la actualizaci\u00f3n de tarifas, las cuales volver\u00e1n a incrementarse la semana que viene y llevar\u00e1n el costo del boleto un 18% m\u00e1s caro. Otra, tiene que ver con la nominalizaci\u00f3n de las tarjetas SUBE por discapacidad y una revisi\u00f3n a partir de una Junta M\u00e9dica de todos los certificados que legitiman el beneficio. Hasta el momento, se llevaron a cabo las dos primeras exigencias.<\/p>\n\n\n\n<p>Sobre la primera, a mediados del a\u00f1o pasado se aprob\u00f3 por decreto la actualizaci\u00f3n bimestral de la tarifa de acuerdo al porcentaje de incremento de tres variables: los sueldos, el precio de las cubiertas y el del combustible. En base esta f\u00f3rmula polin\u00f3mica se da el aumento.<\/p>\n\n\n\n<p>Seg\u00fan indic\u00f3 Ricardo Delcausse, el propietario de las L\u00edneas 1 y 4, el precio del boleto pasar\u00e1 a costar a partir de la semana que viene $1.240, y que esta tarifa se aplicar\u00e1 a partir del 11 de enero; es decir, $192 m\u00e1s de lo que cuesta en la actualidad, que es $1.048, lo que representar\u00eda un 18% de incremento. De todas formas, el empresario advirti\u00f3 que podr\u00eda llevar un poco m\u00e1s de d\u00edas en impactar la actualizaci\u00f3n hasta que el sistema SUBE registre el aumento.<\/p>\n","protected":false},"excerpt":{"rendered":"<p>Esto se debe a la actualizaci&oacute;n de la tarifa que se realiza cada dos meses. El mismo se aplica seg&uacute;n una f&oacute;rmula polin&oacute;mica que contempla los incrementos en los costos de combustible y cubiertas y los aumentos salariales. Este nuevo aumento comenzar&aacute; regir a partir de la semana que viene. Esta metodolog&iacute;a de aumento se [&hellip;]<\/p>\n","protected":false},"author":2,"featured_media":9927,"comment_status":"open","ping_status":"open","sticky":false,"template":"","format":"standard","meta":{"footnotes":""},"categories":[1902,49],"tags":[3980,1357,482,618],"class_list":["post-9926","post","type-post","status-publish","format-standard","has-post-thumbnail","hentry","category-municipales","category-sociedad","tag-aumenta","tag-boleto","tag-colectivo","tag-gualecuaychu"],"_links":{"self":[{"href":"https:\/\/impactodenoticias.com.ar\/index.php?rest_route=\/wp\/v2\/posts\/9926","targetHints":{"allow":["GET"]}}],"collection":[{"href":"https:\/\/impactodenoticias.com.ar\/index.php?rest_route=\/wp\/v2\/posts"}],"about":[{"href":"https:\/\/impactodenoticias.com.ar\/index.php?rest_route=\/wp\/v2\/types\/post"}],"author":[{"embeddable":true,"href":"https:\/\/impactodenoticias.com.ar\/index.php?rest_route=\/wp\/v2\/users\/2"}],"replies":[{"embeddable":true,"href":"https:\/\/impactodenoticias.com.ar\/index.php?rest_route=%2Fwp%2Fv2%2Fcomments&post=9926"}],"version-history":[{"count":1,"href":"https:\/\/impactodenoticias.com.ar\/index.php?rest_route=\/wp\/v2\/posts\/9926\/revisions"}],"predecessor-version":[{"id":9928,"href":"https:\/\/impactodenoticias.com.ar\/index.php?rest_route=\/wp\/v2\/posts\/9926\/revisions\/9928"}],"wp:featuredmedia":[{"embeddable":true,"href":"https:\/\/impactodenoticias.com.ar\/index.php?rest_route=\/wp\/v2\/media\/9927"}],"wp:attachment":[{"href":"https:\/\/impactodenoticias.com.ar\/index.php?rest_route=%2Fwp%2Fv2%2Fmedia&parent=9926"}],"wp:term":[{"taxonomy":"category","embeddable":true,"href":"https:\/\/impactodenoticias.com.ar\/index.php?rest_route=%2Fwp%2Fv2%2Fcategories&post=9926"},{"taxonomy":"post_tag","embeddable":true,"href":"https:\/\/impactodenoticias.com.ar\/index.php?rest_route=%2Fwp%2Fv2%2Ftags&post=9926"}],"curies":[{"name":"wp","href":"https:\/\/api.w.org\/{rel}","templated":true}]}}