{"id":9947,"date":"2025-01-11T14:41:00","date_gmt":"2025-01-11T17:41:00","guid":{"rendered":"https:\/\/impactodenoticias.com.ar\/?p=9947"},"modified":"2025-02-03T12:23:54","modified_gmt":"2025-02-03T15:23:54","slug":"escandalo-de-proporciones-en-la-libertad-avanza-en-entre-rios-afiliaciones-fraudulentas-datos-de-fallecidos-y-acusaciones-de-extorsion-en-feliciano","status":"publish","type":"post","link":"https:\/\/impactodenoticias.com.ar\/?p=9947","title":{"rendered":"Esc\u00e1ndalo de proporciones en La Libertad Avanza en Entre R\u00edos: afiliaciones fraudulentas, datos de fallecidos y acusaciones de extorsi\u00f3n en Feliciano"},"content":{"rendered":"\n<ul class=\"wp-block-list\">\n<li><strong>REDACCI\u00d3N IMPACTO DE NOTICIAS<\/strong><\/li>\n<\/ul>\n\n\n\n<p><strong>En las \u00faltimas horas, un nuevo esc\u00e1ndalo sacude a \u00abLa Libertad Avanza\u00bb en Entre R\u00edos, poniendo en la mira a tres figuras claves del partido: Andr\u00e9s Romero, Roque Fleitas y Andr\u00e9s Lauman. Los l\u00edderes provinciales enfrentan graves denuncias por presuntas pr\u00e1cticas irregulares que comprometen el proyecto pol\u00edtico que lideran, a solo meses de haberse posicionado como una fuerza emergente.<\/strong><\/p>\n\n\n\n<p><strong>Afiliaciones fraudulentas y datos de fallecidos<\/strong><\/p>\n\n\n\n<p class=\"has-vivid-red-color has-text-color has-link-color has-medium-font-size wp-elements-7beb7d92d9c1e721b529ac71d1a11d48\"><strong>En esta grave denuncia el \u00a0Sr. Raul Valdez,  cuenta que fue afiliado a LLA sin su conocimiento ni consentimiento. Desconociendo como obtuvieron su DNI, y refiere que el \u00fanico tr\u00e1mite que realiz\u00f3 en los \u00faltimos tiempo fue en las oficinas del ANSES.<\/strong><\/p>\n\n\n\n<p><\/p>\n\n\n\n<p><a href=\"https:\/\/fb.watch\/x2p0Ci0X0J\">https:\/\/fb.watch\/x2p0Ci0X0J<\/a><\/p>\n\n\n\n<p><\/p>\n\n\n\n<figure class=\"wp-block-image size-full\"><img loading=\"lazy\" decoding=\"async\" width=\"698\" height=\"401\" src=\"https:\/\/impactodenoticias.com.ar\/wp-content\/uploads\/2025\/01\/scrnli_MfCNK40OEGlcq8.png\" alt=\"\" class=\"wp-image-9949\" srcset=\"https:\/\/impactodenoticias.com.ar\/wp-content\/uploads\/2025\/01\/scrnli_MfCNK40OEGlcq8.png 698w, https:\/\/impactodenoticias.com.ar\/wp-content\/uploads\/2025\/01\/scrnli_MfCNK40OEGlcq8-300x172.png 300w\" sizes=\"auto, (max-width: 698px) 100vw, 698px\" \/><\/figure>\n\n\n\n<p><\/p>\n\n\n\n<p>El epicentro del esc\u00e1ndalo se encuentra en la ciudad de Feliciano, donde se descubri\u00f3 que afiliaciones y adhesiones al partido incluyen nombres de personas fallecidas. Seg\u00fan la denuncia de una ciudadana local, los datos de su padre, ya fallecido, fueron utilizados sin su autorizaci\u00f3n para inscribirlo en las filas del partido. Este hecho indignante ha provocado la intervenci\u00f3n de un abogado que llevar\u00e1 el caso hasta las \u00faltimas consecuencias.<\/p>\n\n\n\n<p>La acusaci\u00f3n salpicar\u00eda directamente a la oficina de<strong> ANSES<\/strong> de Feliciano, cuyos datos habr\u00edan sido utilizados de manera irregular. Esta dependencia estar\u00eda vinculada al grupo pol\u00edtico liderado por Roque Fleitas. Cabe se\u00f1alar que el uso de informaci\u00f3n sensible y privada de ciudadanos fallecidos no solo representa una violaci\u00f3n de derechos personales, sino tambi\u00e9n un delito que podr\u00eda derivar en investigaciones judiciales a nivel federal.<\/p>\n\n\n\n<p class=\"has-vivid-red-color has-text-color has-link-color has-medium-font-size wp-elements-e74ab5eb0e4fb7a083306fccf939459d\"><strong>En este caso la  Sra. Susana Cigales afirma que afiliaron a su padres a la Libertad Avanza cuando corr\u00eda el 2024, pero el hombre hab\u00eda fallecido en 2019.<\/strong><\/p>\n\n\n\n<p><a href=\"https:\/\/fb.watch\/x2oG4901h-\">https:\/\/fb.watch\/x2oG4901h-<\/a><\/p>\n\n\n\n<p><\/p>\n\n\n\n<figure class=\"wp-block-image size-full\"><img loading=\"lazy\" decoding=\"async\" width=\"692\" height=\"374\" src=\"https:\/\/impactodenoticias.com.ar\/wp-content\/uploads\/2025\/01\/scrnli_zNw541eogGCFs5.png\" alt=\"\" class=\"wp-image-9948\" srcset=\"https:\/\/impactodenoticias.com.ar\/wp-content\/uploads\/2025\/01\/scrnli_zNw541eogGCFs5.png 692w, https:\/\/impactodenoticias.com.ar\/wp-content\/uploads\/2025\/01\/scrnli_zNw541eogGCFs5-300x162.png 300w\" sizes=\"auto, (max-width: 692px) 100vw, 692px\" \/><\/figure>\n\n\n\n<p><\/p>\n\n\n\n<p><strong>El rol de Andr\u00e9s Romero: \u00bfautor intelectual o l\u00edder en problemas?<\/strong><\/p>\n\n\n\n<p>Andr\u00e9s Romero, se\u00f1alado como el m\u00e1ximo l\u00edder del partido en la regi\u00f3n, aparecer\u00eda como el responsable directo de estas irregularidades. Fuentes locales afirman que Romero no solo habr\u00eda aprobado estas afiliaciones fraudulentas, sino que tambi\u00e9n habr\u00eda instru\u00eddo a punteros pol\u00edticos para atacar al municipio de Feliciano en redes sociales, con el objetivo de captar m\u00e1s adhesiones. Sin embargo, mientras esta estrategia se llevaba adelante, las afiliaciones \u00abtruchas\u00bb habr\u00edan crecido de manera alarmante, comprometiendo a\u00fan m\u00e1s su liderazgo.<\/p>\n\n\n\n<p>Cr\u00edticos del dirigente aseguran que Romero \u00abestrell\u00f3 la calesita\u00bb y que su incapacidad para conducir una estructura pol\u00edtica seria qued\u00f3 en evidencia con este esc\u00e1ndalo. \u00abNo puede conducir ni el tr\u00e1nsito en un pueblo de 100 habitantes\u00bb, se\u00f1al\u00f3 un analista local.<\/p>\n\n\n\n<p><strong>Intentos de soborno y extorsi\u00f3n<\/strong><\/p>\n\n\n\n<p>El esc\u00e1ndalo se agrava a\u00fan m\u00e1s con las acusaciones de intentos de soborno y extorsi\u00f3n. Seg\u00fan trascendi\u00f3, una funcionaria de ANSES vinculada al grupo de Romero habr\u00eda intentado pagar a la denunciante para evitar que contin\u00fae con las acciones legales. Adem\u00e1s, fuentes cercanas afirman que existe un video que registra un acto de extorsi\u00f3n por parte de una de las colaboradoras del grupo pol\u00edtico.<\/p>\n\n\n\n<p><strong>La dirigencia nacional en la mira<\/strong><\/p>\n\n\n\n<p>La confianza depositada por la mesa de conducci\u00f3n nacional de \u00abLa Libertad Avanza\u00bb en Romero, Fleitas y Lauman ahora se encuentra bajo seria revisi\u00f3n. Este grupo, que hab\u00eda prometido renovar la pol\u00edtica en Entre R\u00edos, enfrenta cuestionamientos por sus manejos poco claros. Para muchos, estas acciones representan \u00ablo peor y m\u00e1s bajo de la pol\u00edtica entrerriana\u00bb, un golpe directo a los valores de transparencia y cambio que el partido dice representar.<\/p>\n\n\n\n<p><strong>Repercusiones y el futuro del caso<\/strong><\/p>\n\n\n\n<p>El esc\u00e1ndalo reci\u00e9n comienza, pero ya se esperan consecuencias importantes. Se habla de una gran cantidad de afiliados \u00abtruchos\u00bb que podr\u00edan salir a la luz en los pr\u00f3ximos d\u00edas, agravando a\u00fan m\u00e1s la crisis dentro del partido. Mientras tanto, la denuncia p\u00fablica de la ciudadana afectada promete destapar una trama que podr\u00eda escalar a nivel nacional.<\/p>\n\n\n\n<p>\u00abLa Libertad Avanza\u00bb enfrenta su prueba de fuego en Entre R\u00edos. Lo que podr\u00eda haber sido una plataforma para el cambio se ve empa\u00f1ado por pr\u00e1cticas pol\u00edticas que recuerdan lo peor de las viejas estructuras. En Feliciano, el eco de este esc\u00e1ndalo ya caldea el clima pol\u00edtico y pone en duda la credibilidad de una fuerza que promet\u00eda ser diferente.<\/p>\n\n\n\n<p>El caso de Feliciano no solo expone presuntas irregularidades graves, sino que tambi\u00e9n representa un llamado de atenci\u00f3n para la dirigencia de \u00abLa Libertad Avanza\u00bb. La transparencia, el respeto por los derechos ciudadanos y la \u00e9tica pol\u00edtica deben ser m\u00e1s que consignas electorales. Sin estos valores, cualquier proyecto pol\u00edtico est\u00e1 destinado al fracaso, y el tiempo dir\u00e1 si Romero, Fleitas y Lauman pueden sobrevivir a esta tormenta.<\/p>\n\n\n\n<p>Noticia en desarrollo&#8230;<\/p>\n\n\n\n<p><strong>Fuente: IMPACTO DE NOTICIAS<\/strong><\/p>\n","protected":false},"excerpt":{"rendered":"<p>En las &uacute;ltimas horas, un nuevo esc&aacute;ndalo sacude a &laquo;La Libertad Avanza&raquo; en Entre R&iacute;os, poniendo en la mira a tres figuras claves del partido: Andr&eacute;s Romero, Roque Fleitas y Andr&eacute;s Lauman. Los l&iacute;deres provinciales enfrentan graves denuncias por presuntas pr&aacute;cticas irregulares que comprometen el proyecto pol&iacute;tico que lideran, a solo meses de haberse posicionado [&hellip;]<\/p>\n","protected":false},"author":2,"featured_media":9951,"comment_status":"open","ping_status":"open","sticky":false,"template":"","format":"standard","meta":{"footnotes":""},"categories":[90,11,4],"tags":[3999,2791,3538,796,33,1575,3996,4000,691,2767,644,2771],"class_list":["post-9947","post","type-post","status-publish","format-standard","has-post-thumbnail","hentry","category-judicial","category-politica","category-provinciales","tag-afiliciones","tag-andres-laumann","tag-andres-romero","tag-anses","tag-entre-rios","tag-escandalo","tag-extorsion","tag-fallecidos","tag-feliciano","tag-karina-milei","tag-libertad-avanza","tag-roque-fleitas"],"_links":{"self":[{"href":"https:\/\/impactodenoticias.com.ar\/index.php?rest_route=\/wp\/v2\/posts\/9947","targetHints":{"allow":["GET"]}}],"collection":[{"href":"https:\/\/impactodenoticias.com.ar\/index.php?rest_route=\/wp\/v2\/posts"}],"about":[{"href":"https:\/\/impactodenoticias.com.ar\/index.php?rest_route=\/wp\/v2\/types\/post"}],"author":[{"embeddable":true,"href":"https:\/\/impactodenoticias.com.ar\/index.php?rest_route=\/wp\/v2\/users\/2"}],"replies":[{"embeddable":true,"href":"https:\/\/impactodenoticias.com.ar\/index.php?rest_route=%2Fwp%2Fv2%2Fcomments&post=9947"}],"version-history":[{"count":4,"href":"https:\/\/impactodenoticias.com.ar\/index.php?rest_route=\/wp\/v2\/posts\/9947\/revisions"}],"predecessor-version":[{"id":9958,"href":"https:\/\/impactodenoticias.com.ar\/index.php?rest_route=\/wp\/v2\/posts\/9947\/revisions\/9958"}],"wp:featuredmedia":[{"embeddable":true,"href":"https:\/\/impactodenoticias.com.ar\/index.php?rest_route=\/wp\/v2\/media\/9951"}],"wp:attachment":[{"href":"https:\/\/impactodenoticias.com.ar\/index.php?rest_route=%2Fwp%2Fv2%2Fmedia&parent=9947"}],"wp:term":[{"taxonomy":"category","embeddable":true,"href":"https:\/\/impactodenoticias.com.ar\/index.php?rest_route=%2Fwp%2Fv2%2Fcategories&post=9947"},{"taxonomy":"post_tag","embeddable":true,"href":"https:\/\/impactodenoticias.com.ar\/index.php?rest_route=%2Fwp%2Fv2%2Ftags&post=9947"}],"curies":[{"name":"wp","href":"https:\/\/api.w.org\/{rel}","templated":true}]}}