{"id":9978,"date":"2025-01-12T10:28:24","date_gmt":"2025-01-12T13:28:24","guid":{"rendered":"https:\/\/impactodenoticias.com.ar\/?p=9978"},"modified":"2025-01-12T10:28:24","modified_gmt":"2025-01-12T13:28:24","slug":"clima-en-entre-rios-rige-alerta-por-calor-extremo-en-la-provinci","status":"publish","type":"post","link":"https:\/\/impactodenoticias.com.ar\/?p=9978","title":{"rendered":"Clima en Entre R\u00edos: rige alerta por calor extremo en la provinci"},"content":{"rendered":"\n<p class=\"has-medium-font-size\"><strong>El Servicio Meteorol\u00f3gico Nacional alerta por los efectos en la salud de las temperaturas en Entre R\u00edos.<\/strong><\/p>\n\n\n\n<p>Las altas temperaturas se mantienen en la provincia y continuar\u00e1n durante lo que queda del fin de semana y toda la semana que se inicia. El Servicio Meteorol\u00f3gico Nacional (SMN), informa que en 12 departamentos de Entre R\u00edos rige alerta amarilla y adelanta cuando llegar\u00edan las inestabilidades.<\/p>\n\n\n\n<p><\/p>\n\n\n\n<figure class=\"wp-block-image size-full\"><img loading=\"lazy\" decoding=\"async\" width=\"472\" height=\"800\" src=\"https:\/\/impactodenoticias.com.ar\/wp-content\/uploads\/2025\/01\/mapa_temp_extremas-3.png\" alt=\"\" class=\"wp-image-9980\" srcset=\"https:\/\/impactodenoticias.com.ar\/wp-content\/uploads\/2025\/01\/mapa_temp_extremas-3.png 472w, https:\/\/impactodenoticias.com.ar\/wp-content\/uploads\/2025\/01\/mapa_temp_extremas-3-177x300.png 177w\" sizes=\"auto, (max-width: 472px) 100vw, 472px\" \/><\/figure>\n\n\n\n<p><\/p>\n\n\n\n<p>El SMN mantiene casi la totalidad del territorio provincial bajo alerta \u201cnivel amarillo\u201d por temperaturas calurosas que pueden tener un efecto leve a moderado en la salud. \u201cPueden ser peligrosas, sobre todo para los grupos de riesgo, como ni\u00f1os y ni\u00f1as, personas mayores de 65 a\u00f1os, con enfermedades cr\u00f3nicas\u201d, indica el organismo nacional.<\/p>\n\n\n\n<p>Para este domingo el pron\u00f3stico oficial pronostica cielo despejado y temperaturas m\u00ednimas a partir de 22\u00ba y m\u00e1ximas de hasta 35\u00ba en promedio en la provincia.<\/p>\n\n\n\n<p>El lunes el cielo se presentar\u00eda ligeramente nublado y con temperaturas sofocantes durante casi toda la jornada, con registros t\u00e9rmicos que ir\u00e1n desde 22\u00ba a 36\u00ba. El martes continuar\u00eda la nubosidad y las marcas t\u00e9rmicas agobiantes entre 23\u00ba de m\u00ednima y 37\u00ba de m\u00e1xima. El mi\u00e9rcoles podr\u00edan escalar aun m\u00e1s llegando a 38\u00ba y el jueves incluso a 39\u00ba.<\/p>\n\n\n\n<p>El SMN incluye en su panorama semanal que el viernes pr\u00f3ximo podr\u00edan registrarse lluvias en Entre R\u00edos. Anuncia cielo mayormente nublado durante la ma\u00f1ana y tormentas aisladas hacia la tarde y la noche. Las temperaturas seguir\u00edan ardientes: 24\u00ba de m\u00ednimas y 36\u00ba de m\u00e1xima.<\/p>\n","protected":false},"excerpt":{"rendered":"<p>El Servicio Meteorol&oacute;gico Nacional alerta por los efectos en la salud de las temperaturas en Entre R&iacute;os. Las altas temperaturas se mantienen en la provincia y continuar&aacute;n durante lo que queda del fin de semana y toda la semana que se inicia. El Servicio Meteorol&oacute;gico Nacional (SMN), informa que en 12 departamentos de Entre R&iacute;os [&hellip;]<\/p>\n","protected":false},"author":2,"featured_media":9979,"comment_status":"open","ping_status":"open","sticky":false,"template":"","format":"standard","meta":{"footnotes":""},"categories":[4,49],"tags":[38,33],"class_list":["post-9978","post","type-post","status-publish","format-standard","has-post-thumbnail","hentry","category-provinciales","category-sociedad","tag-clima","tag-entre-rios"],"_links":{"self":[{"href":"https:\/\/impactodenoticias.com.ar\/index.php?rest_route=\/wp\/v2\/posts\/9978","targetHints":{"allow":["GET"]}}],"collection":[{"href":"https:\/\/impactodenoticias.com.ar\/index.php?rest_route=\/wp\/v2\/posts"}],"about":[{"href":"https:\/\/impactodenoticias.com.ar\/index.php?rest_route=\/wp\/v2\/types\/post"}],"author":[{"embeddable":true,"href":"https:\/\/impactodenoticias.com.ar\/index.php?rest_route=\/wp\/v2\/users\/2"}],"replies":[{"embeddable":true,"href":"https:\/\/impactodenoticias.com.ar\/index.php?rest_route=%2Fwp%2Fv2%2Fcomments&post=9978"}],"version-history":[{"count":1,"href":"https:\/\/impactodenoticias.com.ar\/index.php?rest_route=\/wp\/v2\/posts\/9978\/revisions"}],"predecessor-version":[{"id":9981,"href":"https:\/\/impactodenoticias.com.ar\/index.php?rest_route=\/wp\/v2\/posts\/9978\/revisions\/9981"}],"wp:featuredmedia":[{"embeddable":true,"href":"https:\/\/impactodenoticias.com.ar\/index.php?rest_route=\/wp\/v2\/media\/9979"}],"wp:attachment":[{"href":"https:\/\/impactodenoticias.com.ar\/index.php?rest_route=%2Fwp%2Fv2%2Fmedia&parent=9978"}],"wp:term":[{"taxonomy":"category","embeddable":true,"href":"https:\/\/impactodenoticias.com.ar\/index.php?rest_route=%2Fwp%2Fv2%2Fcategories&post=9978"},{"taxonomy":"post_tag","embeddable":true,"href":"https:\/\/impactodenoticias.com.ar\/index.php?rest_route=%2Fwp%2Fv2%2Ftags&post=9978"}],"curies":[{"name":"wp","href":"https:\/\/api.w.org\/{rel}","templated":true}]}}