{"id":9982,"date":"2025-01-12T10:33:38","date_gmt":"2025-01-12T13:33:38","guid":{"rendered":"https:\/\/impactodenoticias.com.ar\/?p=9982"},"modified":"2025-01-12T10:33:39","modified_gmt":"2025-01-12T13:33:39","slug":"arrestaron-a-un-hombre-tras-atacar-a-balazos-una-casa-en-barrio-belgrano-de-parana","status":"publish","type":"post","link":"https:\/\/impactodenoticias.com.ar\/?p=9982","title":{"rendered":"Arrestaron a un hombre tras atacar a balazos una casa en barrio Belgrano de Paran\u00e1"},"content":{"rendered":"\n<h3 class=\"wp-block-heading\">Un hombre de 39 a\u00f1os fue detenido este s\u00e1bado por la noche tras efectuar tiros en el frente de una vivienda. Los efectivos policiales adem\u00e1s secuestraron el auto en que se conduc\u00eda.<\/h3>\n\n\n\n<p>Un hombre fue arrestado este s\u00e1bado por la noche en el barrio Belgrano de Paran\u00e1, en la zona del Ferrocarril, despu\u00e9s de haber atacado a balazos la casa de una mujer, que realiz\u00f3 la denuncia en sede policial.<\/p>\n\n\n\n<p>Seg\u00fan relat\u00f3 la mujer, de 33 a\u00f1os, el sujeto, a quien conoce, apareci\u00f3 en su casa este s\u00e1bado por la noche y, sin mediar palabras, sac\u00f3 un arma de fuego y efectu\u00f3 varios disparos al frente de la vivienda.<\/p>\n\n\n\n<p>En el lugar se encontraron varias vainas servidas, producto de los tiros. Uno de los proyectiles roz\u00f3 el hombro del hijo de la denunciante, un chico de 19 a\u00f1os, quien afortunadamente no sufri\u00f3 lesiones graves.<\/p>\n\n\n\n<p>Personal de la comisar\u00eda 6\u00ba, inici\u00f3 la b\u00fasqueda del sujeto en la zona y lo encontr\u00f3 cerca, estacionado en un auto delante de un domicilio. Los efectivos lo aprehendieron en el acto. Ten\u00eda cartuchos calibre 9 mil\u00edmetros entre la ropa.<\/p>\n\n\n\n<p><\/p>\n\n\n\n<figure class=\"wp-block-image size-full\"><img loading=\"lazy\" decoding=\"async\" width=\"696\" height=\"392\" src=\"https:\/\/impactodenoticias.com.ar\/wp-content\/uploads\/2025\/01\/auto-retenido.webp\" alt=\"\" class=\"wp-image-9983\" srcset=\"https:\/\/impactodenoticias.com.ar\/wp-content\/uploads\/2025\/01\/auto-retenido.webp 696w, https:\/\/impactodenoticias.com.ar\/wp-content\/uploads\/2025\/01\/auto-retenido-300x169.webp 300w\" sizes=\"auto, (max-width: 696px) 100vw, 696px\" \/><\/figure>\n\n\n\n<p><\/p>\n\n\n\n<p>La Polic\u00eda adem\u00e1s secuestr\u00f3 el veh\u00edculo, un Volkswagen Voyage. El violento sujeto, qued\u00f3 alojado en Alcaida de Tribunales.<\/p>\n\n\n\n<p><\/p>\n\n\n\n<figure class=\"wp-block-image size-large\"><img loading=\"lazy\" decoding=\"async\" width=\"1024\" height=\"724\" src=\"https:\/\/impactodenoticias.com.ar\/wp-content\/uploads\/2025\/01\/Agregar-un-titulo-2-2-4-1024x724.png\" alt=\"\" class=\"wp-image-9984\" srcset=\"https:\/\/impactodenoticias.com.ar\/wp-content\/uploads\/2025\/01\/Agregar-un-titulo-2-2-4-1024x724.png 1024w, https:\/\/impactodenoticias.com.ar\/wp-content\/uploads\/2025\/01\/Agregar-un-titulo-2-2-4-300x212.png 300w, https:\/\/impactodenoticias.com.ar\/wp-content\/uploads\/2025\/01\/Agregar-un-titulo-2-2-4-768x543.png 768w, https:\/\/impactodenoticias.com.ar\/wp-content\/uploads\/2025\/01\/Agregar-un-titulo-2-2-4.png 1088w\" sizes=\"auto, (max-width: 1024px) 100vw, 1024px\" \/><\/figure>\n\n\n\n<p><\/p>\n","protected":false},"excerpt":{"rendered":"<p>Un hombre de 39 a&ntilde;os fue detenido este s&aacute;bado por la noche tras efectuar tiros en el frente de una vivienda. Los efectivos policiales adem&aacute;s secuestraron el auto en que se conduc&iacute;a. Un hombre fue arrestado este s&aacute;bado por la noche en el barrio Belgrano de Paran&aacute;, en la zona del Ferrocarril, despu&eacute;s de haber [&hellip;]<\/p>\n","protected":false},"author":2,"featured_media":9985,"comment_status":"open","ping_status":"open","sticky":false,"template":"","format":"standard","meta":{"footnotes":""},"categories":[3,8],"tags":[1108,183,2284,459,146,95,366],"class_list":["post-9982","post","type-post","status-publish","format-standard","has-post-thumbnail","hentry","category-locales","category-policiales","tag-arma","tag-ataque","tag-detuvieron","tag-fuego","tag-hombre","tag-parana","tag-vivienda"],"_links":{"self":[{"href":"https:\/\/impactodenoticias.com.ar\/index.php?rest_route=\/wp\/v2\/posts\/9982","targetHints":{"allow":["GET"]}}],"collection":[{"href":"https:\/\/impactodenoticias.com.ar\/index.php?rest_route=\/wp\/v2\/posts"}],"about":[{"href":"https:\/\/impactodenoticias.com.ar\/index.php?rest_route=\/wp\/v2\/types\/post"}],"author":[{"embeddable":true,"href":"https:\/\/impactodenoticias.com.ar\/index.php?rest_route=\/wp\/v2\/users\/2"}],"replies":[{"embeddable":true,"href":"https:\/\/impactodenoticias.com.ar\/index.php?rest_route=%2Fwp%2Fv2%2Fcomments&post=9982"}],"version-history":[{"count":1,"href":"https:\/\/impactodenoticias.com.ar\/index.php?rest_route=\/wp\/v2\/posts\/9982\/revisions"}],"predecessor-version":[{"id":9986,"href":"https:\/\/impactodenoticias.com.ar\/index.php?rest_route=\/wp\/v2\/posts\/9982\/revisions\/9986"}],"wp:featuredmedia":[{"embeddable":true,"href":"https:\/\/impactodenoticias.com.ar\/index.php?rest_route=\/wp\/v2\/media\/9985"}],"wp:attachment":[{"href":"https:\/\/impactodenoticias.com.ar\/index.php?rest_route=%2Fwp%2Fv2%2Fmedia&parent=9982"}],"wp:term":[{"taxonomy":"category","embeddable":true,"href":"https:\/\/impactodenoticias.com.ar\/index.php?rest_route=%2Fwp%2Fv2%2Fcategories&post=9982"},{"taxonomy":"post_tag","embeddable":true,"href":"https:\/\/impactodenoticias.com.ar\/index.php?rest_route=%2Fwp%2Fv2%2Ftags&post=9982"}],"curies":[{"name":"wp","href":"https:\/\/api.w.org\/{rel}","templated":true}]}}