{"id":9992,"date":"2025-01-12T10:55:12","date_gmt":"2025-01-12T13:55:12","guid":{"rendered":"https:\/\/impactodenoticias.com.ar\/?p=9992"},"modified":"2025-01-12T11:22:45","modified_gmt":"2025-01-12T14:22:45","slug":"con-gran-presencia-de-publico-se-realizo-la-primera-noche-del-carnaval-en-hasenkamp","status":"publish","type":"post","link":"https:\/\/impactodenoticias.com.ar\/?p=9992","title":{"rendered":"Con gran presencia de p\u00fablico se realiz\u00f3 la primera noche del Carnaval en Hasenkamp"},"content":{"rendered":"\n<h3 class=\"wp-block-heading\">El debut del carnaval fue extraordinario. M\u00e1s de 5 mil personas disfrutaron del espect\u00e1culo de Marumb\u00e1 y Malib\u00fa. Este a\u00f1o la particularidad, es que adem\u00e1s de la compra online de entradas y ubicaciones, se sum\u00f3 la venta de consumiciones.<\/h3>\n\n\n\n<p>Con una multitudinaria asistencia de turistas, arranc\u00f3 el Carnaval de Hasenkamp. Malib\u00fa fue la encargada de abrir la pasarela con la tem\u00e1tica \u201cContradicciones\u201d, qui\u00e9n invadi\u00f3 el cors\u00f3dromo de emoci\u00f3n y adrenalina con sus hist\u00f3ricos integrantes, dando lugar a un espect\u00e1culo acorde a la celebraci\u00f3n de sus 50 a\u00f1os. En segundo lugar, lo hizo la comparsa Marumb\u00e1, con la tem\u00e1tica \u201cMarumb\u00e1 Imperial\u201d, con la energ\u00eda que la caracteriza, hizo vibrar a los espectadores. El cierre estuvo a cargo de \u201cLa Caravana\u201d, de la ciudad de Santa Elena, quienes convocaron a todo el p\u00fablico a bailar en el centro de la pasarela y as\u00ed, culminar una noche espectacular.<\/p>\n\n\n\n<p><\/p>\n\n\n\n<figure class=\"wp-block-gallery has-nested-images columns-default is-cropped wp-block-gallery-1 is-layout-flex wp-block-gallery-is-layout-flex\">\n<figure class=\"wp-block-image size-large\"><img loading=\"lazy\" decoding=\"async\" width=\"1024\" height=\"683\" data-id=\"9995\" src=\"https:\/\/impactodenoticias.com.ar\/wp-content\/uploads\/2025\/01\/DSC_5381-1024x683-1.jpg\" alt=\"\" class=\"wp-image-9995\" srcset=\"https:\/\/impactodenoticias.com.ar\/wp-content\/uploads\/2025\/01\/DSC_5381-1024x683-1.jpg 1024w, https:\/\/impactodenoticias.com.ar\/wp-content\/uploads\/2025\/01\/DSC_5381-1024x683-1-300x200.jpg 300w, https:\/\/impactodenoticias.com.ar\/wp-content\/uploads\/2025\/01\/DSC_5381-1024x683-1-768x512.jpg 768w\" sizes=\"auto, (max-width: 1024px) 100vw, 1024px\" \/><\/figure>\n\n\n\n<figure class=\"wp-block-image size-large\"><img loading=\"lazy\" decoding=\"async\" width=\"300\" height=\"203\" data-id=\"9993\" src=\"https:\/\/impactodenoticias.com.ar\/wp-content\/uploads\/2025\/01\/DSC_5490-300x203-1.jpg\" alt=\"\" class=\"wp-image-9993\"\/><\/figure>\n\n\n\n<figure class=\"wp-block-image size-large\"><img loading=\"lazy\" decoding=\"async\" width=\"300\" height=\"194\" data-id=\"9994\" src=\"https:\/\/impactodenoticias.com.ar\/wp-content\/uploads\/2025\/01\/DSC_5625-300x194-1.jpg\" alt=\"\" class=\"wp-image-9994\"\/><\/figure>\n<\/figure>\n\n\n\n<p><\/p>\n\n\n\n<figure class=\"wp-block-image size-full\"><img loading=\"lazy\" decoding=\"async\" width=\"449\" height=\"300\" src=\"https:\/\/impactodenoticias.com.ar\/wp-content\/uploads\/2025\/01\/fd9934ff6c4c59f370e31147.jpg\" alt=\"\" class=\"wp-image-9996\" srcset=\"https:\/\/impactodenoticias.com.ar\/wp-content\/uploads\/2025\/01\/fd9934ff6c4c59f370e31147.jpg 449w, https:\/\/impactodenoticias.com.ar\/wp-content\/uploads\/2025\/01\/fd9934ff6c4c59f370e31147-300x200.jpg 300w\" sizes=\"auto, (max-width: 449px) 100vw, 449px\" \/><\/figure>\n\n\n\n<p><\/p>\n\n\n\n<figure class=\"wp-block-image size-full\"><img loading=\"lazy\" decoding=\"async\" width=\"449\" height=\"300\" src=\"https:\/\/impactodenoticias.com.ar\/wp-content\/uploads\/2025\/01\/59cbe633298dd70ab1a.jpg\" alt=\"\" class=\"wp-image-9997\" srcset=\"https:\/\/impactodenoticias.com.ar\/wp-content\/uploads\/2025\/01\/59cbe633298dd70ab1a.jpg 449w, https:\/\/impactodenoticias.com.ar\/wp-content\/uploads\/2025\/01\/59cbe633298dd70ab1a-300x200.jpg 300w\" sizes=\"auto, (max-width: 449px) 100vw, 449px\" \/><\/figure>\n\n\n\n<p><\/p>\n\n\n\n<p>Las expectativas estaban muy altas, luego de tener una edici\u00f3n exitosa en el 2023, por eso cuando se habilit\u00f3 el cors\u00f3dromo a las 20 horas, y la gente no cesaba de llegar, se supo que nuevamente se repet\u00eda experiencia positiva para la organizaci\u00f3n del carnaval, que supo estar a la altura de las circunstancias, ofreciendo un buen servicio para todos los que concurrieron la primera noche. M\u00e1s de 5 mil personas visitaron Hasenkamp para vivir la experiencia de \u201cCarnavales\u201d. Las cantinas de comida y bebidas trabajaron sin cesar durante todo el espect\u00e1culo. La proveedora de la venta online, dentro del predio en cantina y comidas, t\u00f3tem de ingreso y carnets, fue de la empresa local \u201cSimple\u201d, quienes aparte de ser hasenkampenses, brindaron un excelente servicio.<\/p>\n\n\n\n<p>Comisi\u00f3n del Carnaval, municipio y ambas comparsas, est\u00e1n muy felices y satisfechos de la GRAN noche de apertura. Los s\u00e1bados que restan de esta fabulosa fiesta son: 20 y 27 de enero; 03,10 y 11 de febrero. La segunda noche, aparte del espect\u00e1culo de las comparsas, contaremos con DJ Delpo, de la ciudad de Paran\u00e1, que ser\u00e1 el encargo de cerrar la noche. Durante toda la semana los invitamos a seguir las redes oficiales donde compartiremos diferentes momentos de lo que fue esta primera noche.<\/p>\n\n\n\n<p>Fuente: Carnavales de Hasenkamp<\/p>\n","protected":false},"excerpt":{"rendered":"<p>El debut del carnaval fue extraordinario. M&aacute;s de 5 mil personas disfrutaron del espect&aacute;culo de Marumb&aacute; y Malib&uacute;. Este a&ntilde;o la particularidad, es que adem&aacute;s de la compra online de entradas y ubicaciones, se sum&oacute; la venta de consumiciones. Con una multitudinaria asistencia de turistas, arranc&oacute; el Carnaval de Hasenkamp. Malib&uacute; fue la encargada de [&hellip;]<\/p>\n","protected":false},"author":2,"featured_media":9998,"comment_status":"open","ping_status":"open","sticky":false,"template":"","format":"standard","meta":{"footnotes":""},"categories":[5,4,49],"tags":[4010,2247],"class_list":["post-9992","post","type-post","status-publish","format-standard","has-post-thumbnail","hentry","category-espectaculos","category-provinciales","category-sociedad","tag-carnavales","tag-hasenkamp"],"_links":{"self":[{"href":"https:\/\/impactodenoticias.com.ar\/index.php?rest_route=\/wp\/v2\/posts\/9992","targetHints":{"allow":["GET"]}}],"collection":[{"href":"https:\/\/impactodenoticias.com.ar\/index.php?rest_route=\/wp\/v2\/posts"}],"about":[{"href":"https:\/\/impactodenoticias.com.ar\/index.php?rest_route=\/wp\/v2\/types\/post"}],"author":[{"embeddable":true,"href":"https:\/\/impactodenoticias.com.ar\/index.php?rest_route=\/wp\/v2\/users\/2"}],"replies":[{"embeddable":true,"href":"https:\/\/impactodenoticias.com.ar\/index.php?rest_route=%2Fwp%2Fv2%2Fcomments&post=9992"}],"version-history":[{"count":1,"href":"https:\/\/impactodenoticias.com.ar\/index.php?rest_route=\/wp\/v2\/posts\/9992\/revisions"}],"predecessor-version":[{"id":9999,"href":"https:\/\/impactodenoticias.com.ar\/index.php?rest_route=\/wp\/v2\/posts\/9992\/revisions\/9999"}],"wp:featuredmedia":[{"embeddable":true,"href":"https:\/\/impactodenoticias.com.ar\/index.php?rest_route=\/wp\/v2\/media\/9998"}],"wp:attachment":[{"href":"https:\/\/impactodenoticias.com.ar\/index.php?rest_route=%2Fwp%2Fv2%2Fmedia&parent=9992"}],"wp:term":[{"taxonomy":"category","embeddable":true,"href":"https:\/\/impactodenoticias.com.ar\/index.php?rest_route=%2Fwp%2Fv2%2Fcategories&post=9992"},{"taxonomy":"post_tag","embeddable":true,"href":"https:\/\/impactodenoticias.com.ar\/index.php?rest_route=%2Fwp%2Fv2%2Ftags&post=9992"}],"curies":[{"name":"wp","href":"https:\/\/api.w.org\/{rel}","templated":true}]}}