{"id":911,"count":1,"description":"","link":"https:\/\/impactodenoticias.com.ar\/?tag=cardenal-martinez-raian-tomas","name":"Cardenal Mart\u00ednez Ra\u00edan Tom\u00e1s.","slug":"cardenal-martinez-raian-tomas","taxonomy":"post_tag","meta":[],"_links":{"self":[{"href":"https:\/\/impactodenoticias.com.ar\/index.php?rest_route=\/wp\/v2\/tags\/911","targetHints":{"allow":["GET"]}}],"collection":[{"href":"https:\/\/impactodenoticias.com.ar\/index.php?rest_route=\/wp\/v2\/tags"}],"about":[{"href":"https:\/\/impactodenoticias.com.ar\/index.php?rest_route=\/wp\/v2\/taxonomies\/post_tag"}],"wp:post_type":[{"href":"https:\/\/impactodenoticias.com.ar\/index.php?rest_route=%2Fwp%2Fv2%2Fposts&tags=911"}],"curies":[{"name":"wp","href":"https:\/\/api.w.org\/{rel}","templated":true}]}}